{"id":123686,"date":"2026-01-02T14:45:14","date_gmt":"2026-01-02T14:45:14","guid":{"rendered":"https:\/\/www.europesays.com\/se\/123686\/"},"modified":"2026-01-02T14:45:14","modified_gmt":"2026-01-02T14:45:14","slug":"grok-publicerade-sexuella-bilder-av-minderariga","status":"publish","type":"post","link":"https:\/\/www.europesays.com\/se\/123686\/","title":{"rendered":"Grok publicerade sexuella bilder av minder\u00e5riga"},"content":{"rendered":"<p>Elon Musks AI-chatbot Grok har publicerat sexuellt anspelande bilder av minder\u00e5riga p\u00e5 X. Detta efter vad bolaget beskriver som \u201dbrister i skydds\u00e5tg\u00e4rderna\u201d. <\/p>\n<p>Enligt Grok skapades bilderna under de senaste dagarna som svar p\u00e5 uppmaningar fr\u00e5n anv\u00e4ndare och stred mot chatbotens egna regler som f\u00f6rbjuder sexualisering av barn, uppger Grok i en rad inl\u00e4gg p\u00e5 X som svar p\u00e5 fr\u00e5gor fr\u00e5n anv\u00e4ndare. <\/p>\n<p>\u2013 Vi har identifierat brister i skyddsmekanismerna och \u00e5tg\u00e4rdar dem skyndsamt, skriver Grok i ett inl\u00e4gg och understryker att material som utg\u00f6r sexuella \u00f6vergrepp mot barn \u00e4r \u201dolagligt och f\u00f6rbjudet\u201d och till\u00e4gger att bilderna nu har tagits bort. <\/p>\n<p>X\u202fAI, bolaget bakom Grok, har inte kommenterat h\u00e4ndelsen, skriver Bloomberg. <\/p>\n<p>Omni \u00e4r politiskt obundna och oberoende. Vi str\u00e4var efter att ge fler perspektiv p\u00e5 nyheterna. Har du fr\u00e5gor eller synpunkter kring v\u00e5r rapportering? <a href=\"https:\/\/omni.se\/grok-publicerade-sexuella-bilder-av-minderariga\/a\/mailto:redaktion@omni.se\" class=\"ArticleActions_contactLink__W2F1M\" rel=\"nofollow noopener\" target=\"_blank\">Kontakta redaktionen<\/a><\/p>\n","protected":false},"excerpt":{"rendered":"Elon Musks AI-chatbot Grok har publicerat sexuellt anspelande bilder av minder\u00e5riga p\u00e5 X. Detta efter vad bolaget beskriver&hellip;\n","protected":false},"author":2,"featured_media":123687,"comment_status":"","ping_status":"","sticky":false,"template":"","format":"standard","meta":{"footnotes":""},"categories":[65],"tags":[72,333,70,71,704,334,34,31,33,32,30,703],"class_list":{"0":"post-123686","1":"post","2":"type-post","3":"status-publish","4":"format-standard","5":"has-post-thumbnail","7":"category-ekonomi","8":"tag-business","9":"tag-data","10":"tag-economy","11":"tag-ekonomi","12":"tag-elon-musk","13":"tag-it-hogteknologi","14":"tag-se","15":"tag-svenska","16":"tag-sverige","17":"tag-sweden","18":"tag-swedish","19":"tag-x-ai"},"share_on_mastodon":{"url":"https:\/\/pubeurope.com\/@se\/115826047192680568","error":""},"_links":{"self":[{"href":"https:\/\/www.europesays.com\/se\/wp-json\/wp\/v2\/posts\/123686","targetHints":{"allow":["GET"]}}],"collection":[{"href":"https:\/\/www.europesays.com\/se\/wp-json\/wp\/v2\/posts"}],"about":[{"href":"https:\/\/www.europesays.com\/se\/wp-json\/wp\/v2\/types\/post"}],"author":[{"embeddable":true,"href":"https:\/\/www.europesays.com\/se\/wp-json\/wp\/v2\/users\/2"}],"replies":[{"embeddable":true,"href":"https:\/\/www.europesays.com\/se\/wp-json\/wp\/v2\/comments?post=123686"}],"version-history":[{"count":0,"href":"https:\/\/www.europesays.com\/se\/wp-json\/wp\/v2\/posts\/123686\/revisions"}],"wp:featuredmedia":[{"embeddable":true,"href":"https:\/\/www.europesays.com\/se\/wp-json\/wp\/v2\/media\/123687"}],"wp:attachment":[{"href":"https:\/\/www.europesays.com\/se\/wp-json\/wp\/v2\/media?parent=123686"}],"wp:term":[{"taxonomy":"category","embeddable":true,"href":"https:\/\/www.europesays.com\/se\/wp-json\/wp\/v2\/categories?post=123686"},{"taxonomy":"post_tag","embeddable":true,"href":"https:\/\/www.europesays.com\/se\/wp-json\/wp\/v2\/tags?post=123686"}],"curies":[{"name":"wp","href":"https:\/\/api.w.org\/{rel}","templated":true}]}}