{"id":123693,"date":"2026-01-02T14:51:11","date_gmt":"2026-01-02T14:51:11","guid":{"rendered":"https:\/\/www.europesays.com\/se\/123693\/"},"modified":"2026-01-02T14:51:11","modified_gmt":"2026-01-02T14:51:11","slug":"om-vikten-av-en-trygg-plats","status":"publish","type":"post","link":"https:\/\/www.europesays.com\/se\/123693\/","title":{"rendered":"Om vikten av en trygg plats"},"content":{"rendered":"<p><strong>Eleverna i \u00e5rskurs 4 p\u00e5 Askebyskolan tyckte att utdraget ur L\u00e1szl\u00f3 Krasznahorkais roman Motst\u00e5ndets melankoli var lite lik en mardr\u00f6m. Men n\u00e4r fru Pflaum i romanen kom hem till sin l\u00e4genhet k\u00e4nde hon sig trygg. D\u00e5 skrev eleverna och ber\u00e4ttade om sina trygga platser.<\/strong><\/p>\n<p>En trygg plats \u00e4r d\u00e4r hela min familj samlas. Ibland kan jag inte se<br \/>min familj, men p\u00e5 den h\u00e4r platsen<br \/>kan jag se dem och de kan se mig.<br \/>De skyddar mig och jag skyddar<br \/>dem.<br \/><strong>Lina<\/strong><\/p>\n<p>I USA hos min moster kan jag leka<br \/>med hennes barn som \u00e4r tvillingar.<br \/>Jag \u00e4lskar det f\u00f6r vi skrattar v\u00e4ldigt mycket. Vi g\u00e5r till parken och<br \/>leker kurrag\u00f6mma. Vi \u00e4ter glass<br \/>och chips. Sedan n\u00e4r hela familjen<br \/>samlas hemma hos min mormor<br \/>\u00e4ter vi middag och ler.<br \/><strong>Mahmoud<\/strong><\/p>\n<p>P\u00e5 Gr\u00f6na Lund kan jag leka mycket. Det finns bra mat och en l\u00e4skig<br \/>berg- och dalbana. Jag gillar inte<br \/>att \u00e5ka sj\u00e4lv.<br \/><strong>Sara<\/strong><\/p>\n<p>Platsen som g\u00f6r mig trygg \u00e4r Banja<br \/>Luka i Bosnien. H\u00e4r \u00e4r n\u00e5gra fakta<br \/>om Bosnien. Flaggan har nio stj\u00e4rnor som \u00e4r vita. Den \u00e4r bl\u00e5 med en<br \/>gul triangel. Bosnien ligger i s\u00f6dra<br \/>Europa, bredvid Serbien och Kroatien. I Bosnien pratar man serbiska<br \/>men det \u00e4r sitt eget spr\u00e5k.<br \/><strong>Uros<\/strong><\/p>\n<p>I min mammas famn.<br \/>Man kramas.<br \/>Det \u00e4r sk\u00f6nt.<br \/>Jag vilar.<br \/>Man k\u00e4nner sig glad.<br \/>Jag f\u00e5r en varm k\u00e4nsla som g\u00f6r att<br \/>jag k\u00e4nner mig trygg<br \/>och jag kan ber\u00e4tta allt f\u00f6r henne d\u00e5.<br \/><strong>Ruweda<\/strong><\/p>\n<p><strong>T<\/strong><strong>externa \u00e4r h\u00e4mtade fr\u00e5n\u00a0\u00e5rets Nobelprish\u00e4fte. Elever i \u00e5ldrarna 10-15 \u00e5r fr\u00e5n Elinsborgsskolan och Enbacksskolan i Tensta, Askebyskolan i Rinkeby och Unga L\u00e4sare fr\u00e5n Rinkeby bibliotek<\/strong>,\u00a0<strong>har studerat Alfred Nobels liv, Nobelpriset, \u00e5rets pristagare och s\u00e4rskilt litteraturpristagaren L\u00e1szl\u00f3 Krasznahorkai med utdrag ur hans texter \u201dDen sista vargen\u201d och \u201dMotst\u00e5ndets melankoli\u201d.\u00a0<\/strong>\n<\/p>\n<p>                    <a href=\"#\" rel=\"nofollow\" onclick=\"window.print(); return false;\" title=\"Printer Friendly, PDF &amp; Email\"><br \/>\n                    <img decoding=\"async\" class=\"pf-button-img\" src=\"https:\/\/www.europesays.com\/se\/wp-content\/uploads\/2025\/08\/printfriendly-pdf-button-nobg-md.png\" alt=\"Print Friendly, PDF &amp; Email\" style=\"width: 124px;height: 30px;\"\/><br \/>\n                    <\/a><\/p>\n","protected":false},"excerpt":{"rendered":"Eleverna i \u00e5rskurs 4 p\u00e5 Askebyskolan tyckte att utdraget ur L\u00e1szl\u00f3 Krasznahorkais roman Motst\u00e5ndets melankoli var lite lik&hellip;\n","protected":false},"author":2,"featured_media":123694,"comment_status":"","ping_status":"","sticky":false,"template":"","format":"standard","meta":{"footnotes":""},"categories":[67],"tags":[12514,12515,12037,12516,104,5058,5047,12040,11801,5043,6741,12519,34,31,33,32,30,10994,1432,105],"class_list":{"0":"post-123693","1":"post","2":"type-post","3":"status-publish","4":"format-standard","5":"has-post-thumbnail","7":"category-underhallning","8":"tag-anna-whitlocks-gymnasium","9":"tag-askebyskolan","10":"tag-elinsborgsskolan","11":"tag-enbacksskolan","12":"tag-entertainment","13":"tag-laszlo-krasznahorkai","14":"tag-litteraturpris","15":"tag-nobel-2025","16":"tag-nobel-i-rinkeby-och-tensta","17":"tag-nobelpriset-i-litteratur","18":"tag-rinkeby","19":"tag-rinkeby-bibliotek","20":"tag-se","21":"tag-svenska","22":"tag-sverige","23":"tag-sweden","24":"tag-swedish","25":"tag-tensta","26":"tag-topp","27":"tag-underhallning"},"share_on_mastodon":{"url":"https:\/\/pubeurope.com\/@se\/115826071596392380","error":""},"_links":{"self":[{"href":"https:\/\/www.europesays.com\/se\/wp-json\/wp\/v2\/posts\/123693","targetHints":{"allow":["GET"]}}],"collection":[{"href":"https:\/\/www.europesays.com\/se\/wp-json\/wp\/v2\/posts"}],"about":[{"href":"https:\/\/www.europesays.com\/se\/wp-json\/wp\/v2\/types\/post"}],"author":[{"embeddable":true,"href":"https:\/\/www.europesays.com\/se\/wp-json\/wp\/v2\/users\/2"}],"replies":[{"embeddable":true,"href":"https:\/\/www.europesays.com\/se\/wp-json\/wp\/v2\/comments?post=123693"}],"version-history":[{"count":0,"href":"https:\/\/www.europesays.com\/se\/wp-json\/wp\/v2\/posts\/123693\/revisions"}],"wp:featuredmedia":[{"embeddable":true,"href":"https:\/\/www.europesays.com\/se\/wp-json\/wp\/v2\/media\/123694"}],"wp:attachment":[{"href":"https:\/\/www.europesays.com\/se\/wp-json\/wp\/v2\/media?parent=123693"}],"wp:term":[{"taxonomy":"category","embeddable":true,"href":"https:\/\/www.europesays.com\/se\/wp-json\/wp\/v2\/categories?post=123693"},{"taxonomy":"post_tag","embeddable":true,"href":"https:\/\/www.europesays.com\/se\/wp-json\/wp\/v2\/tags?post=123693"}],"curies":[{"name":"wp","href":"https:\/\/api.w.org\/{rel}","templated":true}]}}