{"id":12370,"date":"2025-08-24T09:13:09","date_gmt":"2025-08-24T09:13:09","guid":{"rendered":"https:\/\/www.europesays.com\/se\/12370\/"},"modified":"2025-08-24T09:13:09","modified_gmt":"2025-08-24T09:13:09","slug":"storbritannien-kan-kopa-chat-gpt-till-alla-i-landet","status":"publish","type":"post","link":"https:\/\/www.europesays.com\/se\/12370\/","title":{"rendered":"Storbritannien kan k\u00f6pa Chat GPT till alla i landet"},"content":{"rendered":"<p>Storbritannien har diskuterat ett avtal med Open AI om att k\u00f6pa premiumversionen av Chat GPT till hela landets befolkning, rapporterar The Guardian. I samtal mellan Storbritanniens teknikminister, Peter Kyle, och Sam Altman ska en prislapp p\u00e5 motsvarande \u00f6ver 25 miljarder kronor ha lyfts.<\/p>\n<p>Aff\u00e4ren kommer sannolikt inte bli av, men visar p\u00e5 Storbritanniens entusiasm f\u00f6r AI-sektorn, skriver tidningen. Peter Kyle har varit en stark f\u00f6respr\u00e5kare f\u00f6r teknikens anv\u00e4ndning inom politiken och anv\u00e4nder AI-tj\u00e4nster flitigt i sitt arbete.<\/p>\n<p>Omni \u00e4r politiskt obundna och oberoende. Vi str\u00e4var efter att ge fler perspektiv p\u00e5 nyheterna. Har du fr\u00e5gor eller synpunkter kring v\u00e5r rapportering? <a href=\"https:\/\/omni.se\/storbritannien-kan-kopa-chat-gpt-till-alla-i-landet\/a\/mailto:redaktion@omni.se\" class=\"ArticleActions_contactLink__W2F1M\" rel=\"nofollow noopener\" target=\"_blank\">Kontakta redaktionen<\/a><\/p>\n","protected":false},"excerpt":{"rendered":"Storbritannien har diskuterat ett avtal med Open AI om att k\u00f6pa premiumversionen av Chat GPT till hela landets&hellip;\n","protected":false},"author":2,"featured_media":12371,"comment_status":"","ping_status":"","sticky":false,"template":"","format":"standard","meta":{"footnotes":""},"categories":[67],"tags":[465,104,267,464,463,34,593,31,33,32,30,105],"class_list":{"0":"post-12370","1":"post","2":"type-post","3":"status-publish","4":"format-standard","5":"has-post-thumbnail","7":"category-underhallning","8":"tag-chat-gpt","9":"tag-entertainment","10":"tag-europa","11":"tag-open-ai","12":"tag-sam-altman","13":"tag-se","14":"tag-storbritannien","15":"tag-svenska","16":"tag-sverige","17":"tag-sweden","18":"tag-swedish","19":"tag-underhallning"},"share_on_mastodon":{"url":"","error":""},"_links":{"self":[{"href":"https:\/\/www.europesays.com\/se\/wp-json\/wp\/v2\/posts\/12370","targetHints":{"allow":["GET"]}}],"collection":[{"href":"https:\/\/www.europesays.com\/se\/wp-json\/wp\/v2\/posts"}],"about":[{"href":"https:\/\/www.europesays.com\/se\/wp-json\/wp\/v2\/types\/post"}],"author":[{"embeddable":true,"href":"https:\/\/www.europesays.com\/se\/wp-json\/wp\/v2\/users\/2"}],"replies":[{"embeddable":true,"href":"https:\/\/www.europesays.com\/se\/wp-json\/wp\/v2\/comments?post=12370"}],"version-history":[{"count":0,"href":"https:\/\/www.europesays.com\/se\/wp-json\/wp\/v2\/posts\/12370\/revisions"}],"wp:featuredmedia":[{"embeddable":true,"href":"https:\/\/www.europesays.com\/se\/wp-json\/wp\/v2\/media\/12371"}],"wp:attachment":[{"href":"https:\/\/www.europesays.com\/se\/wp-json\/wp\/v2\/media?parent=12370"}],"wp:term":[{"taxonomy":"category","embeddable":true,"href":"https:\/\/www.europesays.com\/se\/wp-json\/wp\/v2\/categories?post=12370"},{"taxonomy":"post_tag","embeddable":true,"href":"https:\/\/www.europesays.com\/se\/wp-json\/wp\/v2\/tags?post=12370"}],"curies":[{"name":"wp","href":"https:\/\/api.w.org\/{rel}","templated":true}]}}