{"id":123801,"date":"2026-01-02T16:25:15","date_gmt":"2026-01-02T16:25:15","guid":{"rendered":"https:\/\/www.europesays.com\/se\/123801\/"},"modified":"2026-01-02T16:25:15","modified_gmt":"2026-01-02T16:25:15","slug":"dubbeldackare-har-valt-pa-e4-utanfor-lovanger-sverige","status":"publish","type":"post","link":"https:\/\/www.europesays.com\/se\/123801\/","title":{"rendered":"Dubbeld\u00e4ckare har v\u00e4lt p\u00e5 E4 utanf\u00f6r L\u00f6v\u00e5nger | Sverige"},"content":{"rendered":"<p>Publicerad 2 jan 2026 kl 12.58Uppdaterad kl 16.28<\/p>\n<p>En dubbeld\u00e4ckare och tv\u00e5 bilar var inblandade i en olycka p\u00e5 E4 utanf\u00f6r Skellefte\u00e5 vid lunchtid p\u00e5 fredagen.\u00a0<\/p>\n<p>Bussen har v\u00e4lt och ligger i diket.\u00a0<\/p>\n<p>\u2013 Det \u00e4r kaos, s\u00e4ger Bj\u00f6rn Kristoffersson som fastnat bakom olyckan.\u00a0<\/p>\n<p>Elva personer har f\u00f6rts till sjukhus, enligt polisen.\u00a0<\/p>\n<p><img   alt=\"\"\/><\/p>\n<p>Olycka p\u00e5 E4.<\/p>\n<p>Foto: L\u00e4sarbild<\/p>\n<p>\u00d6ppna bild i helsk\u00e4rm<img loading=\"lazy\"   alt=\"\"\/><\/p>\n<p>Ett tiotal personer f\u00f6rdes till sjukhuset i Skellefte\u00e5, enligt region V\u00e4sterbotten.<\/p>\n<p>Foto: OLA WESTERBERG<\/p>\n<p>\u00d6ppna bild i helsk\u00e4rm<\/p>\n<p>Larmet om olyckan i h\u00f6jd med \u00d6nnesmark kom in klockan 12.10 p\u00e5 fredagen. Polis, r\u00e4ddningstj\u00e4nst och ambulans larmades till platsen.\u00a0<\/p>\n<p>\u2013 Det \u00e4r en fullstor buss. Enligt initiala uppgifter \u00e4r det 48 passagerare ombord p\u00e5 bussen, s\u00e4ger polisens presstalesperson Elisabeth Glaas.<\/p>\n<p>I samband med olyckan ska tv\u00e5 bilar, med tv\u00e5 personer vardera i, ha k\u00f6rt in i bussen bakifr\u00e5n, enligt r\u00e4ddningstj\u00e4nsten.\u00a0<\/p>\n<p>\u2013 S\u00e5 totalt \u00e4r 52 personer drabbade, s\u00e4ger larmoperat\u00f6r vid R\u00e4ddningssamverkan Nord.<\/p>\n<p>Exakt hur olyckan har g\u00e5tt till \u00e4r inledningsvis ok\u00e4nt.<\/p>\n<p>Tiotal till sjukhus\u00a0<\/p>\n<p>Elva personer har f\u00f6rts till sjukhus i behov av akut sjukv\u00e5rd.\u00a0<\/p>\n<p>Det exakta skadel\u00e4get \u00e4r inte k\u00e4nt.\u00a0<\/p>\n<p>\u2013 Det \u00e4r f\u00f6rst\u00e4rkningsl\u00e4ge i <a href=\"https:\/\/www.expressen.se\/tagg\/location\/skelleftea\/\" class=\"\" rel=\"nofollow noopener\" target=\"_blank\">Skellefte\u00e5<\/a> f\u00f6r tillf\u00e4llet. Men jag kan inte s\u00e4ga mer f\u00f6rr\u00e4n vi f\u00e5tt en bild \u00f6ver skadel\u00e4get, s\u00e4ger Gabriella Bandling, pressansvarig p\u00e5 region V\u00e4sterbotten.<\/p>\n<p>\u201dV\u00e4ldigt chockade\u201d<\/p>\n<p>Det \u00e4r r\u00f6rigt p\u00e5 platsen.\u00a0<\/p>\n<p>Bj\u00f6rn Kristoffersson, 42, \u00e4r p\u00e5 v\u00e4g hem efter att ha firat jul i Lule\u00e5.<\/p>\n<p>\u2013 Folk bl\u00f6der och \u00e4r v\u00e4ldigt chockade, s\u00e4ger han.\u00a0<\/p>\n<p><img loading=\"lazy\"   alt=\"\"\/><\/p>\n<p>Elva personer f\u00f6rdes till sjukhus.<\/p>\n<p>Foto: OLA WESTERBERG<\/p>\n<p>\u00d6ppna bild i helsk\u00e4rm<img loading=\"lazy\"   alt=\"\"\/><\/p>\n<p>V\u00e4gen st\u00e4ngdes av i b\u00e5da riktningar.<\/p>\n<p>Foto: L\u00e4sarbild<\/p>\n<p>\u00d6ppna bild i helsk\u00e4rm<\/p>\n<p>De inblandade som inte skadats, eller inte hade ett akut v\u00e5rdbehov, fick kliva p\u00e5 en linjebuss.<\/p>\n<p>\u2013 Det har ocks\u00e5 kommit in en extrabuss f\u00f6r att de ska kunna g\u00e5 in och v\u00e4rma sig. Det \u00e4r tio minusgrader och sn\u00f6n vr\u00e4ker ner, s\u00e4ger Bj\u00f6rn Kristoffersson.\u00a0<\/p>\n<p>Olycksplatsen ligger i omr\u00e5det d\u00e4r SMHI har utf\u00e4rdat en gul varning f\u00f6r sn\u00f6fall. V\u00e4gen \u00e4r avst\u00e4ngd i b\u00e5da riktningar, skriver Trafikverket.\u00a0<\/p>\n<p>VET DU MER? TIPSA OSS<\/p>\n<p>Kontakta Expressen p\u00e5 tipsa@expressen.se eller skicka SMS till 0790 643 643.<\/p>\n<p><a href=\"https:\/\/www.expressen.se\/nyheter\/har-du-ett-nyhetstips-eller-bilder\/\" rel=\"nofollow noopener\" target=\"_blank\">H\u00e4r kan du l\u00e4sa mer om hur du tipsar Expressen.<\/a><\/p>\n<p>Visa mer<img alt=\"\"\/>Ljudklippet gick inte att spela upp<\/p>\n<p>F\u00f6rs\u00f6k igen senare<\/p>\n","protected":false},"excerpt":{"rendered":"Publicerad 2 jan 2026 kl 12.58Uppdaterad kl 16.28 En dubbeld\u00e4ckare och tv\u00e5 bilar var inblandade i en olycka&hellip;\n","protected":false},"author":2,"featured_media":123802,"comment_status":"","ping_status":"","sticky":false,"template":"","format":"standard","meta":{"footnotes":""},"categories":[5],"tags":[22,23,26,27,17,21,24,25,9025,1869,28,29,15,16,18,34,154,31,33,32,30,19,20],"class_list":{"0":"post-123801","1":"post","2":"type-post","3":"status-publish","4":"format-standard","5":"has-post-thumbnail","7":"category-rubriker","8":"tag-breaking-news","9":"tag-breakingnews","10":"tag-featured-news","11":"tag-featurednews","12":"tag-headlines","13":"tag-huvudnyheter","14":"tag-latest-news","15":"tag-latestnews","16":"tag-location-e4","17":"tag-location-skelleftea","18":"tag-main-news","19":"tag-mainnews","20":"tag-news","21":"tag-nyheter","22":"tag-rubriker","23":"tag-se","24":"tag-sections-sverige","25":"tag-svenska","26":"tag-sverige","27":"tag-sweden","28":"tag-swedish","29":"tag-top-stories","30":"tag-topstories"},"share_on_mastodon":{"url":"https:\/\/pubeurope.com\/@se\/115826440454187460","error":""},"_links":{"self":[{"href":"https:\/\/www.europesays.com\/se\/wp-json\/wp\/v2\/posts\/123801","targetHints":{"allow":["GET"]}}],"collection":[{"href":"https:\/\/www.europesays.com\/se\/wp-json\/wp\/v2\/posts"}],"about":[{"href":"https:\/\/www.europesays.com\/se\/wp-json\/wp\/v2\/types\/post"}],"author":[{"embeddable":true,"href":"https:\/\/www.europesays.com\/se\/wp-json\/wp\/v2\/users\/2"}],"replies":[{"embeddable":true,"href":"https:\/\/www.europesays.com\/se\/wp-json\/wp\/v2\/comments?post=123801"}],"version-history":[{"count":0,"href":"https:\/\/www.europesays.com\/se\/wp-json\/wp\/v2\/posts\/123801\/revisions"}],"wp:featuredmedia":[{"embeddable":true,"href":"https:\/\/www.europesays.com\/se\/wp-json\/wp\/v2\/media\/123802"}],"wp:attachment":[{"href":"https:\/\/www.europesays.com\/se\/wp-json\/wp\/v2\/media?parent=123801"}],"wp:term":[{"taxonomy":"category","embeddable":true,"href":"https:\/\/www.europesays.com\/se\/wp-json\/wp\/v2\/categories?post=123801"},{"taxonomy":"post_tag","embeddable":true,"href":"https:\/\/www.europesays.com\/se\/wp-json\/wp\/v2\/tags?post=123801"}],"curies":[{"name":"wp","href":"https:\/\/api.w.org\/{rel}","templated":true}]}}