{"id":123811,"date":"2026-01-02T16:37:55","date_gmt":"2026-01-02T16:37:55","guid":{"rendered":"https:\/\/www.europesays.com\/se\/123811\/"},"modified":"2026-01-02T16:37:55","modified_gmt":"2026-01-02T16:37:55","slug":"enzo-maresca-lamnar-chelsea-premier-league","status":"publish","type":"post","link":"https:\/\/www.europesays.com\/se\/123811\/","title":{"rendered":"Enzo Maresca l\u00e4mnar Chelsea | Premier League"},"content":{"rendered":"<p>Publicerad 1 jan 2026 kl 13.20Uppdaterad kl 15.26<\/p>\n<p>Relationen gick inte att reparera.<\/p>\n<p>Enzo Maresca g\u00e5r skilda v\u00e4gar med Chelsea.<\/p>\n<p><img   alt=\"\"\/><\/p>\n<p>Enzo Maresca.<\/p>\n<p>Foto: DAVID CLIFF \/ EPA<\/p>\n<p>\u00d6ppna bild i helsk\u00e4rm<img loading=\"lazy\"   alt=\"\"\/> <\/p>\n<p>Foto: DAVID CLIFF \/ EPA<\/p>\n<p>\u00d6ppna bild i helsk\u00e4rm<img loading=\"lazy\"   alt=\"\"\/> <\/p>\n<p>Foto: MIKE EGERTON \/ STELLA PICTURES<\/p>\n<p>\u00d6ppna bild i helsk\u00e4rm<\/p>\n<p>Det har rapporterats om en spricka mellan <a href=\"https:\/\/www.expressen.se\/tagg\/organization\/chelsea\/\" class=\"\" rel=\"nofollow noopener\" target=\"_blank\">Chelseas<\/a> klubbledning och tr\u00e4naren Enzo Maresca.<\/p>\n<p>Flera medier rapporterade under ny\u00e5rsafton att den italienska tr\u00e4narens tid i klubben var n\u00e4ra att f\u00e5 ett slut.<\/p>\n<p>Nu st\u00e5r det klart att han l\u00e4mnar.<\/p>\n<p>Chelsea bekr\u00e4ftar under ny\u00e5rsdagen att man g\u00e5r skilda v\u00e4gar med Maresca. Enligt klubben har beslutet tagits i samf\u00f6rst\u00e5nd.<\/p>\n<p>\u201dMed viktiga m\u00e5l kvar att spela om i fyra t\u00e4vlingar, inklusive kvalificering till Champions League, anser Enzo och klubben att en f\u00f6r\u00e4ndring ger laget den b\u00e4sta chansen att f\u00e5 s\u00e4songen tillbaka p\u00e5 r\u00e4tt sp\u00e5r\u201d, skriver Chelsea i ett pressmeddelande.<\/p>\n<p>Sprickan<\/p>\n<p>Under den senaste m\u00e5naden har Chelsea tampats med bristande resultat och man har enbart vunnit en av de sju senaste ligamatcherna.<\/p>\n<p>Maresca har d\u00e4rtill varit \u00f6ppen med en k\u00e4nsla av att m\u00e5nga inom klubben varken st\u00f6ttar honom eller laget.<\/p>\n<p>Den 13:e december sa han att han just genomg\u00e5tt \u201dsina v\u00e4rsta 48 timmar i klubben\u201d.<\/p>\n<p>45-\u00e5ringen ansl\u00f6t till London-klubben under sommaren 2024 och hade kontrakt fram till sommaren 2029.<\/p>\n<p>Under Marescas tid vid rodret vann klubben b\u00e5de Uefa Conference League och klubblags-VM.<\/p>\n<p>Under s\u00f6ndagen st\u00e4lls Chelsea mot Manchester City.<\/p>\n","protected":false},"excerpt":{"rendered":"Publicerad 1 jan 2026 kl 13.20Uppdaterad kl 15.26 Relationen gick inte att reparera. Enzo Maresca g\u00e5r skilda v\u00e4gar&hellip;\n","protected":false},"author":2,"featured_media":123812,"comment_status":"","ping_status":"","sticky":false,"template":"","format":"standard","meta":{"footnotes":""},"categories":[68],"tags":[4686,34,129,242,111,110,31,33,32,30],"class_list":{"0":"post-123811","1":"post","2":"type-post","3":"status-publish","4":"format-standard","5":"has-post-thumbnail","7":"category-sport","8":"tag-organization-chelsea","9":"tag-se","10":"tag-sections-fotboll","11":"tag-sections-premierleague","12":"tag-sport","13":"tag-sports","14":"tag-svenska","15":"tag-sverige","16":"tag-sweden","17":"tag-swedish"},"share_on_mastodon":{"url":"https:\/\/pubeurope.com\/@se\/115826491532586255","error":""},"_links":{"self":[{"href":"https:\/\/www.europesays.com\/se\/wp-json\/wp\/v2\/posts\/123811","targetHints":{"allow":["GET"]}}],"collection":[{"href":"https:\/\/www.europesays.com\/se\/wp-json\/wp\/v2\/posts"}],"about":[{"href":"https:\/\/www.europesays.com\/se\/wp-json\/wp\/v2\/types\/post"}],"author":[{"embeddable":true,"href":"https:\/\/www.europesays.com\/se\/wp-json\/wp\/v2\/users\/2"}],"replies":[{"embeddable":true,"href":"https:\/\/www.europesays.com\/se\/wp-json\/wp\/v2\/comments?post=123811"}],"version-history":[{"count":0,"href":"https:\/\/www.europesays.com\/se\/wp-json\/wp\/v2\/posts\/123811\/revisions"}],"wp:featuredmedia":[{"embeddable":true,"href":"https:\/\/www.europesays.com\/se\/wp-json\/wp\/v2\/media\/123812"}],"wp:attachment":[{"href":"https:\/\/www.europesays.com\/se\/wp-json\/wp\/v2\/media?parent=123811"}],"wp:term":[{"taxonomy":"category","embeddable":true,"href":"https:\/\/www.europesays.com\/se\/wp-json\/wp\/v2\/categories?post=123811"},{"taxonomy":"post_tag","embeddable":true,"href":"https:\/\/www.europesays.com\/se\/wp-json\/wp\/v2\/tags?post=123811"}],"curies":[{"name":"wp","href":"https:\/\/api.w.org\/{rel}","templated":true}]}}