{"id":123817,"date":"2026-01-02T16:44:11","date_gmt":"2026-01-02T16:44:11","guid":{"rendered":"https:\/\/www.europesays.com\/se\/123817\/"},"modified":"2026-01-02T16:44:11","modified_gmt":"2026-01-02T16:44:11","slug":"aftonbladet-hyllade-terrorns-symboler","status":"publish","type":"post","link":"https:\/\/www.europesays.com\/se\/123817\/","title":{"rendered":"Aftonbladet hyllade terrorns symboler"},"content":{"rendered":"<p>Sofie L\u00f6wenmark<\/p>\n<p>Publicerad 2 jan 2026 kl 14.27<\/p>\n<p>Aftonbladets ledarsida ville hylla hoppet \u2013 men r\u00e5kade i st\u00e4llet normalisera terrorgrupperna i Palestinat\u00e5gen.\u00a0<\/p>\n<p><img   alt=\"\"\/><\/p>\n<p>Hamas och Islamiska Jihads flaggor vajar i ett Palestinat\u00e5g i G\u00f6teborg.<\/p>\n<p>Foto: Bj\u00f6rn Larsson Rosvall\/TT \/ TT NYHETSBYR\u00c5N<\/p>\n<p>\u00d6ppna bild i helsk\u00e4rm<img loading=\"lazy\"   alt=\"\"\/><\/p>\n<p>Aftonbladet publicerade en snarlik bild utan att kommentera symbolerna.<\/p>\n<p>Foto: PATRIK C \u00d6STERBERG \/ MEDIABILD\/IBL<\/p>\n<p>\u00d6ppna bild i helsk\u00e4rm<img   alt=\"\"\/>Sofie L\u00f6wenmark<\/p>\n<p>P\u00e5 ny\u00e5rsaftonen <a href=\"https:\/\/www.aftonbladet.se\/ledare\/a\/q6n3qg\/2025-var-aktivisterna-ljuset-i-samhallsmorkret\" rel=\"nofollow noopener\" target=\"_blank\">beskrev<\/a> Fanny J\u00f6nsson p\u00e5 Aftonbladets ledarsida det g\u00e5ngna \u00e5ret som \u201dett hoppets \u00e5r\u201d. Hon lyfte fram aktivister som ett ljus i m\u00f6rkret och illustrerade sin text med en bild p\u00e5 en Palestinademonstration i G\u00f6teborg.<\/p>\n<p>Problemet \u00e4r bara att bilden inte visade n\u00e5got hopp eller fredsbudskap. Den avsl\u00f6jar ren terrorromantik. F\u00f6r i demonstrationen syns gr\u00f6na Hamasflaggor, m\u00e4n med Hamas-bandanas och fanor f\u00f6r de terrorst\u00e4mplade islamistgrupperna Islamiska jihad och Lions\u2019 Den. Det \u00e4r organisationer som st\u00e5r f\u00f6r v\u00e4pnad jihad, martyrskap, kvinnors underordning och terror mot civila \u2013 inte med vapenvila, internationell r\u00e4tt och fred.<\/p>\n<p><strong>I hoppets \u00e5r 2025 har det varit sv\u00e5rt att hitta bilder fr\u00e5n Palestinademonstrationer i G\u00f6teborg utan Hamas- och Hizbollahflaggor; terrorgrupperna har \u00e5terkommande hyllats i t\u00e5gen.<\/strong><\/p>\n<p>I ledartexten finns ocks\u00e5 en bild fr\u00e5n en demonstration i Rom d\u00e4r svenska Greta Thunberg nyligen poserade tillsammans med Mohammad Hannoun, ordf\u00f6rande f\u00f6r Palestinska f\u00f6rbundet i Italien. Kort senare <a href=\"https:\/\/kvartal.se\/nyheter\/artiklar\/demonstrerade-med-greta-grips-for-hamaskopplingar\/cG9zdDo0MTEwOA\" rel=\"nofollow noopener\" target=\"_blank\">greps<\/a> han, misst\u00e4nkt f\u00f6r att ha slussat omkring 75 miljoner kronor till Hamas via p\u00e5st\u00e5dda v\u00e4lg\u00f6renhetsorganisationer. \u00d6ver 70 procent av det insamlade humanit\u00e4ra st\u00f6det till Gaza hamnade i Hamas fickor, enligt italienska myndigheter.\u00a0<\/p>\n<p>Greta Thunberg har fler \u00e4n en g\u00e5ng dykt upp i sammanhang d\u00e4r gr\u00e4nsen mellan politisk aktivism och terrorn\u00e4ra milj\u00f6er suddas ut. I den svenska offentligheten har det i huvudsak m\u00f6tts med tystnad och urs\u00e4kter; de granskningar som skulle varit sj\u00e4lvklara om det g\u00e4llt n\u00e5gon annan har uteblivit.\u00a0<\/p>\n<p>Fanny J\u00f6nsson beskriver ocks\u00e5 Global Sumud Flotilla i <a href=\"https:\/\/kvartal.se\/goranfrojdh\/artiklar\/protestflottans-kopplingar-till-terrorgrupper\/cG9zdDoyMDIzOQ\" rel=\"nofollow noopener\" target=\"_blank\">hyllande<\/a> ordalag trots att r\u00f6relsen konstaterats vara ett samordnat n\u00e4tverk med dokumenterade kopplingar till terrorgrupperna Hamas, PFLP och Islamiska jihad.<\/p>\n<blockquote><p>Det \u00e4r tyv\u00e4rr talande att terrorromantiken sopades under mattan.<\/p><\/blockquote>\n<p>Ironiskt nog f\u00f6rfasar hon sig samtidigt \u00f6ver att svenska och utl\u00e4ndska politikers p\u00e5st\u00e5dda \u201dpanik \u00f6ver motst\u00e5ndet\u201d och beklagar att aktivister st\u00e4mplas som terrorister och placeras i samma kategori som al-Qaida. Visst finns det skillnader mellan Islamiska jihad, <a href=\"https:\/\/www.expressen.se\/tagg\/organization\/hizbollah\/\" class=\"\" rel=\"nofollow noopener\" target=\"_blank\">Hizbollah<\/a> och al-Qaida, men i detta sammanhang \u00e4r de trots allt h\u00e5rfina. Alla tre \u00e4r islamistiska organisationer som legitimerar v\u00e5ld och terror mot civila.<\/p>\n<p>Trots det \u00e4r det mycket sv\u00e5rt att hitta ledande svenska Palestinaaktivister \u2013 eller f\u00f6retr\u00e4dare f\u00f6r de organisationer som arrangerar demonstrationerna \u2013 som tar avst\u00e5nd fr\u00e5n Hamas och andra palestinska terrorgrupper, om n\u00e5got handlar uttalanden om st\u00f6d f\u00f6r terrorgrupperna<\/p>\n<p><strong>Normaliseringen av terrorgrupperna har ett h\u00f6gt pris. Det betalas av svenska judar, som vet vad dessa r\u00f6relser anser om dem. Det kr\u00e4vs inte mycket fantasi f\u00f6r att f\u00f6rst\u00e5 att varje Hamasflagga som syns p\u00e5 svenska gator inskr\u00e4nker svenska judar i deras vardag.<\/strong><\/p>\n<p>Priset betalas ocks\u00e5 av de m\u00e4nniskor som protesterar mot kriget men som entydigt vill ta avst\u00e5nd fr\u00e5n terrororganisationer. De har systematiskt marginaliserats och till\u00e5ts inte att vara en del av r\u00f6relsen. Demokratiska propalestinska krafter har p\u00e5 s\u00e5 vis tr\u00e4ngts bort.\u00a0<\/p>\n<p>Annons<\/p>\n<p>Andra som drabbas \u00e4r invandrare som flytt fr\u00e5n islamismen men som nu m\u00f6ts av f\u00f6rtryckets flaggor i svenska st\u00e4der. Det \u00e4r en skam att exiliranier tvingas se den islamiska regimens och Hizbollahs flaggor under demonstrationerna, samtidigt som dessa grupper d\u00f6dar, f\u00e4ngslar och misshandlar demonstranter p\u00e5 Irans gator.\u00a0<\/p>\n<p>N\u00e4r Aftonbladet fick klart f\u00f6r sig att man publicerat en bild p\u00e5 en terrorparad ersatte man den tyst med en harml\u00f6s serieteckning p\u00e5 v\u00e5tmarksaktivister. Det \u00e4r tyv\u00e4rr talande att tidningen sopade terrorromantiken under mattan.<\/p>\n<p><strong>Ironin fullbordades n\u00e4r Fanny J\u00f6nsson appl\u00e5derar civilkuraget hos en kvinna som gav fingret \u00e5t nazister i Stockholm. F\u00f6r i Palestinar\u00f6relsen och dess st\u00f6dtrupper finns en p\u00e5fallande f\u00f6rsiktighet eller direkt tystnad inf\u00f6r Hamas och Islamiska Jihads starka n\u00e4rvaro i demonstrationst\u00e5gen. Det \u00e4r som om man \u00e4r r\u00e4dd f\u00f6r det egna m\u00f6rkret.<\/strong><\/p>\n<p>Men det \u00e4r h\u00f6g tid att rikta samma tydlighet mot islamistiska terrorgrupper som mot h\u00f6gerextremister. V\u00e5ga granska, kritisera och, ja, ge fingret ocks\u00e5 \u00e5t de r\u00f6relser som m\u00f6rdar civila, hatar judar, f\u00f6rtrycker kvinnor och bygger sin ideologi p\u00e5 hat.\u00a0<\/p>\n<p>Bara s\u00e5 kan 2026 bli ett hoppets \u00e5r.<\/p>\n<p>Sofie L\u00f6wenmark \u00e4r frist\u00e5ende kolumnist p\u00e5 Expressens ledarsida. L\u00e4s fler av hennes texter <a href=\"https:\/\/www.expressen.se\/av\/sofie-lowenmark\/\" rel=\"nofollow noopener\" target=\"_blank\">h\u00e4r<\/a>.<\/p>\n<p><strong>L\u00c4S MER: <\/strong><a href=\"https:\/\/www.expressen.se\/ledare\/patrik-kronqvist\/trump-satter-ljuset-pa-islamismen-i-sverige\/\" class=\"\" rel=\"nofollow noopener\" target=\"_blank\">PATRIK KRONQVIST: Trump s\u00e4tter ljuset p\u00e5 islamismen i Sverige<\/a><\/p>\n","protected":false},"excerpt":{"rendered":"Sofie L\u00f6wenmark Publicerad 2 jan 2026 kl 14.27 Aftonbladets ledarsida ville hylla hoppet \u2013 men r\u00e5kade i st\u00e4llet&hellip;\n","protected":false},"author":2,"featured_media":123818,"comment_status":"","ping_status":"","sticky":false,"template":"","format":"standard","meta":{"footnotes":""},"categories":[5],"tags":[22,23,26,27,17,21,24,25,484,28,29,15,16,3880,1806,11712,13015,1226,18,34,149,31,33,32,30,19,2836,20],"class_list":{"0":"post-123817","1":"post","2":"type-post","3":"status-publish","4":"format-standard","5":"has-post-thumbnail","7":"category-rubriker","8":"tag-breaking-news","9":"tag-breakingnews","10":"tag-featured-news","11":"tag-featurednews","12":"tag-headlines","13":"tag-huvudnyheter","14":"tag-latest-news","15":"tag-latestnews","16":"tag-location-palestina","17":"tag-main-news","18":"tag-mainnews","19":"tag-news","20":"tag-nyheter","21":"tag-organization-aftonbladet","22":"tag-organization-hamas","23":"tag-organization-hizbollah","24":"tag-organization-islamiska-jihad","25":"tag-person-greta-thunberg","26":"tag-rubriker","27":"tag-se","28":"tag-sections-sofielowenmark","29":"tag-svenska","30":"tag-sverige","31":"tag-sweden","32":"tag-swedish","33":"tag-top-stories","34":"tag-topic-terrorism","35":"tag-topstories"},"share_on_mastodon":{"url":"https:\/\/pubeurope.com\/@se\/115826515202721493","error":""},"_links":{"self":[{"href":"https:\/\/www.europesays.com\/se\/wp-json\/wp\/v2\/posts\/123817","targetHints":{"allow":["GET"]}}],"collection":[{"href":"https:\/\/www.europesays.com\/se\/wp-json\/wp\/v2\/posts"}],"about":[{"href":"https:\/\/www.europesays.com\/se\/wp-json\/wp\/v2\/types\/post"}],"author":[{"embeddable":true,"href":"https:\/\/www.europesays.com\/se\/wp-json\/wp\/v2\/users\/2"}],"replies":[{"embeddable":true,"href":"https:\/\/www.europesays.com\/se\/wp-json\/wp\/v2\/comments?post=123817"}],"version-history":[{"count":0,"href":"https:\/\/www.europesays.com\/se\/wp-json\/wp\/v2\/posts\/123817\/revisions"}],"wp:featuredmedia":[{"embeddable":true,"href":"https:\/\/www.europesays.com\/se\/wp-json\/wp\/v2\/media\/123818"}],"wp:attachment":[{"href":"https:\/\/www.europesays.com\/se\/wp-json\/wp\/v2\/media?parent=123817"}],"wp:term":[{"taxonomy":"category","embeddable":true,"href":"https:\/\/www.europesays.com\/se\/wp-json\/wp\/v2\/categories?post=123817"},{"taxonomy":"post_tag","embeddable":true,"href":"https:\/\/www.europesays.com\/se\/wp-json\/wp\/v2\/tags?post=123817"}],"curies":[{"name":"wp","href":"https:\/\/api.w.org\/{rel}","templated":true}]}}