{"id":123823,"date":"2026-01-02T16:48:09","date_gmt":"2026-01-02T16:48:09","guid":{"rendered":"https:\/\/www.europesays.com\/se\/123823\/"},"modified":"2026-01-02T16:48:09","modified_gmt":"2026-01-02T16:48:09","slug":"mobil-listar-2025-ars-basta-smartklocka","status":"publish","type":"post","link":"https:\/\/www.europesays.com\/se\/123823\/","title":{"rendered":"Mobil listar: 2025 \u00e5rs b\u00e4sta smartklocka"},"content":{"rendered":"<p class=\"kicker t20 font-Raleway\" style=\"\">F\u00f6r Iphone och Android och f\u00f6r l\u00f6pare<\/p>\n<p>    \u00c4r du inte redan ett l\u00f6parproffs kommer \u00e5rets smartklocka f\u00e5 dig att k\u00e4nna dig som ett och kanske p\u00e5 sikt ocks\u00e5 g\u00f6ra dig till ett.\u00a0<\/p>\n<p>    \u00c5rets smarta klocka: Garmin Forerunner 970<\/p>\n<p>Under testet av klockan \u00f6verraskar den positivt g\u00e5ng p\u00e5 g\u00e5ng. Garmin har en stark st\u00e4llning p\u00e5 smartklockemarknaden i Sverige och en l\u00e5ng rad olika modeller, s\u00e5 m\u00e5nga att de \u00e4r sv\u00e5ra att h\u00e5lla reda p\u00e5. Garmin Forerunner 970 har en tydlig roll som p\u00e5kostad klocka f\u00f6r l\u00f6paren. Under en tr\u00e4ningsrunda en sen kv\u00e4ll under v\u00e5rt test f\u00e5r vi en hj\u00e4lpsam fr\u00e5ga om vi vill ha klockans ficklampa p\u00e5 under l\u00f6ppasset, f\u00f6r att synas b\u00e4ttre. Javisst. Det fungerar som en slags reflex f\u00f6r trafiken och g\u00f6r att vi som l\u00f6pare k\u00e4nner oss som fullblodsproffs. Klockan ger sj\u00e4lvf\u00f6rtroende om du inte redan har det. Dessutom l\u00e5nglivad batteritid, st\u00f6d f\u00f6r Spotify och mycket f\u00f6rdjupade insikter om din tr\u00e4ning.\u00a0<\/p>\n<p>L\u00e4s s\u00e5 klart v\u00e5rt\u00a0<a href=\"https:\/\/www.mobil.se\/produkttester\/test-garmin-forerunner-970-fullproppad-med-proffskoll\/1648272\" target=\"_blank\" rel=\"nofollow noopener\">fullst\u00e4ndiga test av Forerunner 970<\/a>\u00a0ocks\u00e5.<\/p>\n<p>Det h\u00e4r \u00e4r ett utdrag ur en l\u00e4ngre\u00a0artikel d\u00e4r Mobilredaktionen listat\u00a0<a href=\"https:\/\/www.mobil.se\/reportage\/arets-basta-produkter-och-viktigaste-handelser-mobil-sammanfattar-2025\/1662269\" target=\"_blank\" rel=\"nofollow noopener\">2025 \u00e5rs fr\u00e4msta mobiltrender och det \u00e5rets b\u00e4sta produkter<\/a>. Artikeln publicerades tidigare i sin helhet exklusivt f\u00f6r Plus-medlemmar p\u00e5 Mobil.se.\u00a0<a href=\"https:\/\/www.mobil.se\/plus\" rel=\"nofollow noopener\" target=\"_blank\">H\u00e4r kan du bli Plus-medlem<\/a>\u00a0och d\u00e4rmed f\u00e5 direkt tillg\u00e5ng till alla artiklar p\u00e5 Mobil.se. Som plusmedlem s\u00e5 f\u00e5r du samlade tips och m\u00e5nga andra f\u00f6rdjupande, v\u00e4gledande artiklar.<\/p>\n<p>                Relaterade artiklar<\/p>\n<p class=\"tags\" style=\"margin-top: 0; padding-top: 0;\">\n            <a href=\"https:\/\/www.mobil.se\/tagg\/garmin\" rel=\"nofollow noopener\" target=\"_blank\">garmin<\/a><br \/>\n            <a href=\"https:\/\/www.mobil.se\/tagg\/garmin forerunner 970\" rel=\"nofollow noopener\" target=\"_blank\">garmin forerunner 970<\/a>\n        <\/p>\n","protected":false},"excerpt":{"rendered":"F\u00f6r Iphone och Android och f\u00f6r l\u00f6pare \u00c4r du inte redan ett l\u00f6parproffs kommer \u00e5rets smartklocka f\u00e5 dig&hellip;\n","protected":false},"author":2,"featured_media":123824,"comment_status":"","ping_status":"","sticky":false,"template":"","format":"standard","meta":{"footnotes":""},"categories":[66],"tags":[80,78,79,34,31,33,32,30,81,84,83,82],"class_list":{"0":"post-123823","1":"post","2":"type-post","3":"status-publish","4":"format-standard","5":"has-post-thumbnail","7":"category-vetenskap-och-teknik","8":"tag-science","9":"tag-science-and-technology","10":"tag-scienceandtechnology","11":"tag-se","12":"tag-svenska","13":"tag-sverige","14":"tag-sweden","15":"tag-swedish","16":"tag-technology","17":"tag-teknik","18":"tag-vetenskap","19":"tag-vetenskapteknik"},"share_on_mastodon":{"url":"https:\/\/pubeurope.com\/@se\/115826530916281830","error":""},"_links":{"self":[{"href":"https:\/\/www.europesays.com\/se\/wp-json\/wp\/v2\/posts\/123823","targetHints":{"allow":["GET"]}}],"collection":[{"href":"https:\/\/www.europesays.com\/se\/wp-json\/wp\/v2\/posts"}],"about":[{"href":"https:\/\/www.europesays.com\/se\/wp-json\/wp\/v2\/types\/post"}],"author":[{"embeddable":true,"href":"https:\/\/www.europesays.com\/se\/wp-json\/wp\/v2\/users\/2"}],"replies":[{"embeddable":true,"href":"https:\/\/www.europesays.com\/se\/wp-json\/wp\/v2\/comments?post=123823"}],"version-history":[{"count":0,"href":"https:\/\/www.europesays.com\/se\/wp-json\/wp\/v2\/posts\/123823\/revisions"}],"wp:featuredmedia":[{"embeddable":true,"href":"https:\/\/www.europesays.com\/se\/wp-json\/wp\/v2\/media\/123824"}],"wp:attachment":[{"href":"https:\/\/www.europesays.com\/se\/wp-json\/wp\/v2\/media?parent=123823"}],"wp:term":[{"taxonomy":"category","embeddable":true,"href":"https:\/\/www.europesays.com\/se\/wp-json\/wp\/v2\/categories?post=123823"},{"taxonomy":"post_tag","embeddable":true,"href":"https:\/\/www.europesays.com\/se\/wp-json\/wp\/v2\/tags?post=123823"}],"curies":[{"name":"wp","href":"https:\/\/api.w.org\/{rel}","templated":true}]}}