{"id":123855,"date":"2026-01-02T17:31:12","date_gmt":"2026-01-02T17:31:12","guid":{"rendered":"https:\/\/www.europesays.com\/se\/123855\/"},"modified":"2026-01-02T17:31:12","modified_gmt":"2026-01-02T17:31:12","slug":"samsung-visar-upp-ny-barbar-projektor-med-ai-baserad-bildoptimering","status":"publish","type":"post","link":"https:\/\/www.europesays.com\/se\/123855\/","title":{"rendered":"Samsung visar upp ny b\u00e4rbar projektor med AI-baserad bildoptimering"},"content":{"rendered":"<p>Samsung har nu presenterat Freestyle Plus, en ny portabel projektor med AI-driven bildoptimering, f\u00f6rb\u00e4ttrad ljusstyrka och integrerade streaming- och spelm\u00f6jligheter.<\/p>\n<p>Projektorn bygger vidare p\u00e5 originalet Freestyle men introducerar AI Optiscreen, som automatiskt justerar bilden efter v\u00e4ggar, vinklar och ljusf\u00f6rh\u00e5llanden. Bland funktionerna syns 3D-auto-keystone, realtidsfokus, automatisk sk\u00e4rmanpassning och v\u00e4ggkalibrering f\u00f6r klarare bild oavsett yta.<\/p>\n<p>Freestyle Plus har en ljusstyrka p\u00e5 430 ISO-lumen, n\u00e4stan dubbelt mot f\u00f6reg\u00e5ngaren, samt ett roterbart 180-graderschassi som g\u00f6r att den kan projicera p\u00e5 v\u00e4ggar, tak eller golv. Den ska v\u00e4ga lite och \u00e4r designad f\u00f6r att enkelt flytta mellan rum.<\/p>\n<p>Det finns ocks\u00e5 inbyggd tillg\u00e5ng till Samsung TV Plus, streamingtj\u00e4nster och Gaming Hub, samt ett 360-graders h\u00f6gtalarsystem med st\u00f6d f\u00f6r Q-Symphony-synk med Samsung-h\u00f6gtalare.<\/p>\n<p>Freestyle Plus kommer att visas upp under CES 2026-m\u00e4ssan i Las Vegas, USA som startar den 6 januari. Den kommer lanseras globalt under f\u00f6rsta halv\u00e5ret 2026. Vad den kommer att kosta \u00e4r just nu ok\u00e4nt.<\/p>\n","protected":false},"excerpt":{"rendered":"Samsung har nu presenterat Freestyle Plus, en ny portabel projektor med AI-driven bildoptimering, f\u00f6rb\u00e4ttrad ljusstyrka och integrerade streaming-&hellip;\n","protected":false},"author":2,"featured_media":123856,"comment_status":"","ping_status":"","sticky":false,"template":"","format":"standard","meta":{"footnotes":""},"categories":[66],"tags":[80,78,79,34,31,33,32,30,81,84,83,82],"class_list":{"0":"post-123855","1":"post","2":"type-post","3":"status-publish","4":"format-standard","5":"has-post-thumbnail","7":"category-vetenskap-och-teknik","8":"tag-science","9":"tag-science-and-technology","10":"tag-scienceandtechnology","11":"tag-se","12":"tag-svenska","13":"tag-sverige","14":"tag-sweden","15":"tag-swedish","16":"tag-technology","17":"tag-teknik","18":"tag-vetenskap","19":"tag-vetenskapteknik"},"share_on_mastodon":{"url":"https:\/\/pubeurope.com\/@se\/115826700027009255","error":""},"_links":{"self":[{"href":"https:\/\/www.europesays.com\/se\/wp-json\/wp\/v2\/posts\/123855","targetHints":{"allow":["GET"]}}],"collection":[{"href":"https:\/\/www.europesays.com\/se\/wp-json\/wp\/v2\/posts"}],"about":[{"href":"https:\/\/www.europesays.com\/se\/wp-json\/wp\/v2\/types\/post"}],"author":[{"embeddable":true,"href":"https:\/\/www.europesays.com\/se\/wp-json\/wp\/v2\/users\/2"}],"replies":[{"embeddable":true,"href":"https:\/\/www.europesays.com\/se\/wp-json\/wp\/v2\/comments?post=123855"}],"version-history":[{"count":0,"href":"https:\/\/www.europesays.com\/se\/wp-json\/wp\/v2\/posts\/123855\/revisions"}],"wp:featuredmedia":[{"embeddable":true,"href":"https:\/\/www.europesays.com\/se\/wp-json\/wp\/v2\/media\/123856"}],"wp:attachment":[{"href":"https:\/\/www.europesays.com\/se\/wp-json\/wp\/v2\/media?parent=123855"}],"wp:term":[{"taxonomy":"category","embeddable":true,"href":"https:\/\/www.europesays.com\/se\/wp-json\/wp\/v2\/categories?post=123855"},{"taxonomy":"post_tag","embeddable":true,"href":"https:\/\/www.europesays.com\/se\/wp-json\/wp\/v2\/tags?post=123855"}],"curies":[{"name":"wp","href":"https:\/\/api.w.org\/{rel}","templated":true}]}}