{"id":123857,"date":"2026-01-02T17:32:32","date_gmt":"2026-01-02T17:32:32","guid":{"rendered":"https:\/\/www.europesays.com\/se\/123857\/"},"modified":"2026-01-02T17:32:32","modified_gmt":"2026-01-02T17:32:32","slug":"affarsvarlden-ser-begransad-uppsida-i-talenom-infor-planerad-uppdelning","status":"publish","type":"post","link":"https:\/\/www.europesays.com\/se\/123857\/","title":{"rendered":"Aff\u00e4rsv\u00e4rlden ser begr\u00e4nsad uppsida i Talenom inf\u00f6r planerad uppdelning"},"content":{"rendered":"<p>&#13;<br \/>\n                        F\u00f6r redovisningsdelen Talenom bed\u00f6mer Aff\u00e4rsv\u00e4rlden ett rimligt v\u00e4rde p\u00e5 1,79 euro per aktie, baserat p\u00e5 en ev\/ebita-multipel om 13 g\u00e5nger och ett ebita-estimat p\u00e5 10,2 miljoner euro f\u00f6r 2027. Mjukvarubolaget Easor v\u00e4rderas till 1,67 euro per aktie med en ev\/ebita-multipel p\u00e5 20 g\u00e5nger applicerad p\u00e5 ett ebita-estimat om 14,1 miljoner euro.<\/p>\n<p>Sammanlagt ser tidningen ett motiverat v\u00e4rde om 3,46 euro per aktie, motsvarande cirka 15 procent uppsida. <\/p>\n<p>&#8221;Det \u00e5terst\u00e5r att se om den v\u00e4ntade uppdelningen kommer skapa och synligg\u00f6ra v\u00e4rden. Vi ser dock relativt stor risk att det f\u00e5r motsatt effekt. Gillar man speciella situationer kan det vara v\u00e4rt att h\u00e5lla aktien under bevakning kommande \u00e5ret. Vi f\u00f6ljer utvecklingen fr\u00e5n sidlinjen&#8221;, skriver Afv.&#13;\n                    <\/p>\n","protected":false},"excerpt":{"rendered":"&#13; F\u00f6r redovisningsdelen Talenom bed\u00f6mer Aff\u00e4rsv\u00e4rlden ett rimligt v\u00e4rde p\u00e5 1,79 euro per aktie, baserat p\u00e5 en ev\/ebita-multipel&hellip;\n","protected":false},"author":2,"featured_media":123858,"comment_status":"","ping_status":"","sticky":false,"template":"","format":"standard","meta":{"footnotes":""},"categories":[65],"tags":[72,70,71,454,453,451,452,34,31,33,32,30,455],"class_list":{"0":"post-123857","1":"post","2":"type-post","3":"status-publish","4":"format-standard","5":"has-post-thumbnail","7":"category-ekonomi","8":"tag-business","9":"tag-economy","10":"tag-ekonomi","11":"tag-ekonomisk-analys","12":"tag-finans","13":"tag-finansiella-nyheter","14":"tag-investera","15":"tag-se","16":"tag-svenska","17":"tag-sverige","18":"tag-sweden","19":"tag-swedish","20":"tag-trading"},"share_on_mastodon":{"url":"https:\/\/pubeurope.com\/@se\/115826703929247480","error":""},"_links":{"self":[{"href":"https:\/\/www.europesays.com\/se\/wp-json\/wp\/v2\/posts\/123857","targetHints":{"allow":["GET"]}}],"collection":[{"href":"https:\/\/www.europesays.com\/se\/wp-json\/wp\/v2\/posts"}],"about":[{"href":"https:\/\/www.europesays.com\/se\/wp-json\/wp\/v2\/types\/post"}],"author":[{"embeddable":true,"href":"https:\/\/www.europesays.com\/se\/wp-json\/wp\/v2\/users\/2"}],"replies":[{"embeddable":true,"href":"https:\/\/www.europesays.com\/se\/wp-json\/wp\/v2\/comments?post=123857"}],"version-history":[{"count":0,"href":"https:\/\/www.europesays.com\/se\/wp-json\/wp\/v2\/posts\/123857\/revisions"}],"wp:featuredmedia":[{"embeddable":true,"href":"https:\/\/www.europesays.com\/se\/wp-json\/wp\/v2\/media\/123858"}],"wp:attachment":[{"href":"https:\/\/www.europesays.com\/se\/wp-json\/wp\/v2\/media?parent=123857"}],"wp:term":[{"taxonomy":"category","embeddable":true,"href":"https:\/\/www.europesays.com\/se\/wp-json\/wp\/v2\/categories?post=123857"},{"taxonomy":"post_tag","embeddable":true,"href":"https:\/\/www.europesays.com\/se\/wp-json\/wp\/v2\/tags?post=123857"}],"curies":[{"name":"wp","href":"https:\/\/api.w.org\/{rel}","templated":true}]}}