{"id":123862,"date":"2026-01-02T17:40:48","date_gmt":"2026-01-02T17:40:48","guid":{"rendered":"https:\/\/www.europesays.com\/se\/123862\/"},"modified":"2026-01-02T17:40:48","modified_gmt":"2026-01-02T17:40:48","slug":"fortsatt-kollaps-for-tesla-i-sverige","status":"publish","type":"post","link":"https:\/\/www.europesays.com\/se\/123862\/","title":{"rendered":"Fortsatt kollaps f\u00f6r Tesla i Sverige"},"content":{"rendered":"<p>Registreringen av Teslas bilar forts\u00e4tter att rasa p\u00e5 den svenska marknaden. I december registrerades 821 nya bilar i Sverige, vilket motsvarar ett ras p\u00e5 71 procent p\u00e5 \u00e5rsbasis, enligt f\u00e4rska siffror fr\u00e5n Mobility Sweden.<\/p>\n<p>Andelen nyregistrerade elbilar \u00f6kade till 36,5 procent fr\u00e5n 35 procent p\u00e5 \u00e5rsbasis. Laddhybrider \u00f6kade till 26,7 procent j\u00e4mf\u00f6rt med 23,4 procent i fjol, den h\u00f6gsta andelen n\u00e5gonsin.<\/p>\n<p>Omni \u00e4r politiskt obundna och oberoende. Vi str\u00e4var efter att ge fler perspektiv p\u00e5 nyheterna. Har du fr\u00e5gor eller synpunkter kring v\u00e5r rapportering? <a href=\"https:\/\/omni.se\/fortsatt-kollaps-for-tesla-i-sverige-rasar-71-procent-pa-arsbasis\/a\/mailto:redaktion@omni.se\" class=\"ArticleActions_contactLink__W2F1M\" rel=\"nofollow noopener\" target=\"_blank\">Kontakta redaktionen<\/a><\/p>\n","protected":false},"excerpt":{"rendered":"Registreringen av Teslas bilar forts\u00e4tter att rasa p\u00e5 den svenska marknaden. I december registrerades 821 nya bilar i&hellip;\n","protected":false},"author":2,"featured_media":123863,"comment_status":"","ping_status":"","sticky":false,"template":"","format":"standard","meta":{"footnotes":""},"categories":[65],"tags":[12032,72,70,71,13016,34,31,33,32,30,396],"class_list":{"0":"post-123862","1":"post","2":"type-post","3":"status-publish","4":"format-standard","5":"has-post-thumbnail","7":"category-ekonomi","8":"tag-bilar","9":"tag-business","10":"tag-economy","11":"tag-ekonomi","12":"tag-mobility-sweden","13":"tag-se","14":"tag-svenska","15":"tag-sverige","16":"tag-sweden","17":"tag-swedish","18":"tag-tesla"},"share_on_mastodon":{"url":"https:\/\/pubeurope.com\/@se\/115826739277570539","error":""},"_links":{"self":[{"href":"https:\/\/www.europesays.com\/se\/wp-json\/wp\/v2\/posts\/123862","targetHints":{"allow":["GET"]}}],"collection":[{"href":"https:\/\/www.europesays.com\/se\/wp-json\/wp\/v2\/posts"}],"about":[{"href":"https:\/\/www.europesays.com\/se\/wp-json\/wp\/v2\/types\/post"}],"author":[{"embeddable":true,"href":"https:\/\/www.europesays.com\/se\/wp-json\/wp\/v2\/users\/2"}],"replies":[{"embeddable":true,"href":"https:\/\/www.europesays.com\/se\/wp-json\/wp\/v2\/comments?post=123862"}],"version-history":[{"count":0,"href":"https:\/\/www.europesays.com\/se\/wp-json\/wp\/v2\/posts\/123862\/revisions"}],"wp:featuredmedia":[{"embeddable":true,"href":"https:\/\/www.europesays.com\/se\/wp-json\/wp\/v2\/media\/123863"}],"wp:attachment":[{"href":"https:\/\/www.europesays.com\/se\/wp-json\/wp\/v2\/media?parent=123862"}],"wp:term":[{"taxonomy":"category","embeddable":true,"href":"https:\/\/www.europesays.com\/se\/wp-json\/wp\/v2\/categories?post=123862"},{"taxonomy":"post_tag","embeddable":true,"href":"https:\/\/www.europesays.com\/se\/wp-json\/wp\/v2\/tags?post=123862"}],"curies":[{"name":"wp","href":"https:\/\/api.w.org\/{rel}","templated":true}]}}