{"id":123870,"date":"2026-01-02T17:51:36","date_gmt":"2026-01-02T17:51:36","guid":{"rendered":"https:\/\/www.europesays.com\/se\/123870\/"},"modified":"2026-01-02T17:51:36","modified_gmt":"2026-01-02T17:51:36","slug":"trots-protesterna-darformaste-snabbsparet-bort","status":"publish","type":"post","link":"https:\/\/www.europesays.com\/se\/123870\/","title":{"rendered":"Trots protesterna \u2013 d\u00e4rf\u00f6r\nm\u00e5ste snabbsp\u00e5ret bort"},"content":{"rendered":"<p>Publicerad 2 jan 2026 kl 07.00Uppdaterad kl 14.35<\/p>\n<p>Regeringen kan g\u00f6ra mer f\u00f6r att sk\u00f6tsamma invandrare inte ska hamna i kl\u00e4m. Men i grunden \u00e4r det r\u00e4tt att l\u00e4gga om migrationspolitiken.<\/p>\n<p><img   alt=\"\"\/><\/p>\n<p>Demonstration f\u00f6r Zahra Kazemipour och Afshad Joubeh i Stockholm.<\/p>\n<p>Foto: Henrik Montgomery\/TT \/ TT NYHETSBYR\u00c5N \/ TT NEWS AGENCY<\/p>\n<p>\u00d6ppna bild i helsk\u00e4rm<img loading=\"lazy\"   alt=\"\"\/><\/p>\n<p>Migrationsverket har ny lagstiftning att tolka.<\/p>\n<p>Foto: JEPPE GUSTAFSSON \/ SHUTTERSTOCK EDITORIAL\/IBL<\/p>\n<p>\u00d6ppna bild i helsk\u00e4rm<\/p>\n<p>Tv\u00e5 dagar f\u00f6re julafton demonstrerade hundratals anst\u00e4llda utanf\u00f6r S\u00f6dersjukhuset i Stockholm. De protesterade mot att deras uppskattade kolleger, det \u00e4kta paret Zahra Kazemipour, 50, och Afshad Joubeh, 56, tvingas l\u00e4mna Sverige efter ny\u00e5r.<\/p>\n<p>Runtom i landet p\u00e5g\u00e5r liknande upprop. I Norsj\u00f6 i V\u00e4sterbotten protesterar ledande kommunpolitiker mot att en barnfamilj ska utvisas och i G\u00f6teborg har det h\u00e5llits demonstrationer f\u00f6r en personlig assistent som m\u00e5ste l\u00e4mna landet. Bakgrunden \u00e4r att det s\u00e5 kallade sp\u00e5rbytet avskaffades 1 april i fjol efter ett riksdagsbeslut.<\/p>\n<p><strong>Tanken bakom sp\u00e5rbytet \u2013 som inf\u00f6rdes av alliansregeringen 2008 \u2013 var god. Personer som f\u00e5tt nej p\u00e5 sin asylans\u00f6kan, men som under tiden hunnit etablera sig p\u00e5 svensk arbetsmarknad, skulle i st\u00e4llet kunna f\u00e5 tillf\u00e4lliga arbetstillst\u00e5nd. Efter fyra \u00e5r fanns m\u00f6jlighet att stanna permanent.<\/strong><\/p>\n<p>S\u00e5 har reformen ocks\u00e5 fungerat f\u00f6r m\u00e5nga m\u00e4nniskor. Men sp\u00e5rbytet blev inte bara en ventil f\u00f6r m\u00e4nniskor som redan var h\u00e4r. Det blev ocks\u00e5 ett s\u00e4tt f\u00f6r m\u00e4nniskor att runda de ordinarie systemen f\u00f6r arbetskraftsinvandring.<\/p>\n<p>Personer som inte hade n\u00e5gra asylsk\u00e4l kunde genom att l\u00e4mna in en asylans\u00f6kan f\u00e5 r\u00e4tt att jobba h\u00e4r och sedan v\u00e4xla \u00f6ver till arbetstillst\u00e5nd.<\/p>\n<p>Flera utv\u00e4rderingar av reformen, bland annat av Riksrevisionen, visar p\u00e5 utbrett fusk och utnyttjande. Hela 14 procent av ans\u00f6kningarna kom till exempel fr\u00e5n personer fr\u00e5n bara tv\u00e5 l\u00e4nder \u2013 Mongoliet och Uzbekistan \u2013 varifr\u00e5n n\u00e4stan alla s\u00f6kande f\u00e5r nej p\u00e5 sina asylans\u00f6kningar.<\/p>\n<blockquote><p>Risken \u00e4r uppenbar att regeringen g\u00f6der det skuggsamh\u00e4lle som man vill bek\u00e4mpa.<\/p><\/blockquote>\n<p>Det finns ocks\u00e5 m\u00e5nga vittnesm\u00e5l om hur personer k\u00f6pt eller erbjudits att betala stora pengar f\u00f6r falska anst\u00e4llningskontrakt f\u00f6r att f\u00e5 stanna. D\u00e4rtill hade var fj\u00e4rde sp\u00e5rbytare inkomster i Sverige innan de s\u00f6kte asyl \u2013 n\u00e5got som i de flesta fall tyder p\u00e5 att de inte s\u00f6kte skydd fr\u00e5n f\u00f6rf\u00f6ljelse.<\/p>\n<p>D\u00e4rf\u00f6r var det r\u00e4tt att slopa sp\u00e5rbytet. Om man ska vara kritisk mot regeringen \u00e4r det f\u00f6r att den varit f\u00f6r saktf\u00e4rdig med att st\u00e4nga andra kryph\u00e5l. Fusket med studentvisum \u2013 som ocks\u00e5 ger r\u00e4tt att arbeta i Sverige \u2013 p\u00e5g\u00e5r till exempel f\u00f6r fullt, trots att Tid\u00f6partierna har haft makt att f\u00f6r\u00e4ndra regelverket i \u00f6ver tre \u00e5r.<\/p>\n<p><strong>Men regeringen borde trots allt ha gjort mer f\u00f6r att v\u00e4rna de omkring 6 000 personer som i dag befinner sig i Sverige genom sp\u00e5rbytet.<\/strong><\/p>\n<p>Visserligen har de bara haft tillf\u00e4lliga tillst\u00e5nd. Men i m\u00e5nga fall handlar det om m\u00e4nniskor som anstr\u00e4ngt sig, betalat skatt och gjort stor nytta p\u00e5 sina arbetsplatser i tron att de ska f\u00e5 stanna, som Zahra Kazemipour och Afshad Joubeh.<\/p>\n<p>D\u00e4rf\u00f6r hade det varit p\u00e5 sin plats med n\u00e5gon form av \u00f6verg\u00e5ngsbest\u00e4mmelser. Att personer som uppfyller de nya, h\u00f6gre kraven f\u00f6r arbetstillst\u00e5nd m\u00e5ste l\u00e4mna landet f\u00f6r att l\u00e4mna in en ny ans\u00f6kan framst\u00e5r till exempel som b\u00e5de byr\u00e5kratiskt och grymt.\u00a0<\/p>\n<p>Risken \u00e4r uppenbar att regeringen d\u00e4rigenom g\u00f6der det skuggsamh\u00e4lle som man vill bek\u00e4mpa.<\/p>\n<p><strong>L\u00c4S MER: <\/strong><a href=\"https:\/\/www.expressen.se\/ledare\/patrik-kronqvist\/utvisningen-av-masoud-blottar-sveriges-problem\/\" class=\"\" rel=\"nofollow noopener\" target=\"_blank\">PATRIK KRONQVIST: Utvisningen av Masoud blottar Sveriges problem<\/a><a href=\"https:\/\/www.expressen.se\/nyhetsbrev\/\" title=\"Anm\u00e4l dig till ledarbrevet\" rel=\"nofollow noopener\" target=\"_blank\"><br \/>\n  <img decoding=\"async\" style=\"max-width:100%;display:block;\" src=\"https:\/\/www.europesays.com\/se\/wp-content\/uploads\/2025\/08\/640@60.jpg\"\/><br \/>\n<\/a><\/p>\n","protected":false},"excerpt":{"rendered":"Publicerad 2 jan 2026 kl 07.00Uppdaterad kl 14.35 Regeringen kan g\u00f6ra mer f\u00f6r att sk\u00f6tsamma invandrare inte ska&hellip;\n","protected":false},"author":2,"featured_media":123871,"comment_status":"","ping_status":"","sticky":false,"template":"","format":"standard","meta":{"footnotes":""},"categories":[5],"tags":[22,23,26,27,17,21,24,25,28,29,15,16,18,34,31,33,32,30,19,740,20],"class_list":{"0":"post-123870","1":"post","2":"type-post","3":"status-publish","4":"format-standard","5":"has-post-thumbnail","7":"category-rubriker","8":"tag-breaking-news","9":"tag-breakingnews","10":"tag-featured-news","11":"tag-featurednews","12":"tag-headlines","13":"tag-huvudnyheter","14":"tag-latest-news","15":"tag-latestnews","16":"tag-main-news","17":"tag-mainnews","18":"tag-news","19":"tag-nyheter","20":"tag-rubriker","21":"tag-se","22":"tag-svenska","23":"tag-sverige","24":"tag-sweden","25":"tag-swedish","26":"tag-top-stories","27":"tag-topic-migration-integration","28":"tag-topstories"},"share_on_mastodon":{"url":"https:\/\/pubeurope.com\/@se\/115826778710448645","error":""},"_links":{"self":[{"href":"https:\/\/www.europesays.com\/se\/wp-json\/wp\/v2\/posts\/123870","targetHints":{"allow":["GET"]}}],"collection":[{"href":"https:\/\/www.europesays.com\/se\/wp-json\/wp\/v2\/posts"}],"about":[{"href":"https:\/\/www.europesays.com\/se\/wp-json\/wp\/v2\/types\/post"}],"author":[{"embeddable":true,"href":"https:\/\/www.europesays.com\/se\/wp-json\/wp\/v2\/users\/2"}],"replies":[{"embeddable":true,"href":"https:\/\/www.europesays.com\/se\/wp-json\/wp\/v2\/comments?post=123870"}],"version-history":[{"count":0,"href":"https:\/\/www.europesays.com\/se\/wp-json\/wp\/v2\/posts\/123870\/revisions"}],"wp:featuredmedia":[{"embeddable":true,"href":"https:\/\/www.europesays.com\/se\/wp-json\/wp\/v2\/media\/123871"}],"wp:attachment":[{"href":"https:\/\/www.europesays.com\/se\/wp-json\/wp\/v2\/media?parent=123870"}],"wp:term":[{"taxonomy":"category","embeddable":true,"href":"https:\/\/www.europesays.com\/se\/wp-json\/wp\/v2\/categories?post=123870"},{"taxonomy":"post_tag","embeddable":true,"href":"https:\/\/www.europesays.com\/se\/wp-json\/wp\/v2\/tags?post=123870"}],"curies":[{"name":"wp","href":"https:\/\/api.w.org\/{rel}","templated":true}]}}