{"id":123874,"date":"2026-01-02T17:54:07","date_gmt":"2026-01-02T17:54:07","guid":{"rendered":"https:\/\/www.europesays.com\/se\/123874\/"},"modified":"2026-01-02T17:54:07","modified_gmt":"2026-01-02T17:54:07","slug":"amy-deasismont-forlovad-visar-upp-ringarna","status":"publish","type":"post","link":"https:\/\/www.europesays.com\/se\/123874\/","title":{"rendered":"Amy Deasismont f\u00f6rlovad \u2013 visar upp ringarna"},"content":{"rendered":"<p>Publicerad 2 jan 2026 kl 18.17<\/p>\n<p>Amy Deasismont har f\u00f6rlovat sig!<\/p>\n<p>Sk\u00e5despelaren visar upp ringen p\u00e5 Instagram.<\/p>\n<p>\u201dDen finaste dagen\u201d, skriver hon.<\/p>\n<p><img   alt=\"\"\/><\/p>\n<p>Amy Deasismont och Markus Lindhart visar upp f\u00f6rlovningsringarna.<\/p>\n<p>\u00d6ppna bild i helsk\u00e4rm<img loading=\"lazy\"   alt=\"\"\/><\/p>\n<p>Amy Deasismont eller Amy Diamond som hon f\u00f6rst blev k\u00e4nd som.<\/p>\n<p>Foto: IDA \u00c5KESSON \/ SPA<\/p>\n<p>\u00d6ppna bild i helsk\u00e4rm<img loading=\"lazy\"   alt=\"\"\/><\/p>\n<p>Uje Brandelius och Amy Deasismont t\u00e4vlar i \u00e5rets \u201dP\u00e5 sp\u00e5ret\u201d i SVT.<\/p>\n<p>Foto: Bo H\u00e5kansson \/ SVT<\/p>\n<p>\u00d6ppna bild i helsk\u00e4rm<\/p>\n<p><a href=\"https:\/\/www.expressen.se\/tagg\/person\/amy-deasismont\/\" class=\"\" rel=\"nofollow noopener\" target=\"_blank\">Amy Deasismont<\/a>, 33, blev k\u00e4nd som Amy Diamond under 00-talet med l\u00e5tar som \u201dWhat\u00b4s in it for me\u201d och \u201dShooting star\u201d.<\/p>\n<p>Numera har hon lagt artistkarri\u00e4ren p\u00e5 hyllan och jobbar med film och serier.\u00a0<\/p>\n<p>Deasismont har bland annat skapat och spelat huvudrollen i \u201dThunder in My Heart\u201d samt medverkat i serierna \u201dKnutby\u201d och \u201dLust\u201d.\u00a0<\/p>\n<p>T\u00e4vlar i \u00e5rets \u201dP\u00e5 sp\u00e5ret\u201d<\/p>\n<p>Sk\u00e5despelaren t\u00e4vlar \u00e4ven i \u00e5rets s\u00e4song av \u201dP\u00e5 sp\u00e5ret\u201d i SVT ihop med Uje Brandelius.<\/p>\n<p>33-\u00e5ringen avsl\u00f6jar nu att hon har f\u00f6rlovat sig med k\u00e4rleken Markus Linhardt, 31.<\/p>\n<p>Det var i somras som paret tog n\u00e4sta steg i f\u00f6rh\u00e5llandet men det \u00e4r f\u00f6rst nu de ber\u00e4ttar om det.<\/p>\n<p>\u201dDen finaste dagen 2025 var den 17:e juli\u201d, skriver profilen p\u00e5 Instagram f\u00f6ljt av ett r\u00f6tt hj\u00e4rta. I inl\u00e4gget har hon delat bilder p\u00e5 paret, bland annat en d\u00e4r de visar upp sina f\u00f6rlovningsringar.<\/p>\n<p><a href=\"https:\/\/www.instagram.com\/p\/DTAz7bsDCA1\/?img_index=1?hidecaption=true\" data-provider=\"instagram\" class=\"js-social-embed\" rel=\"nofollow noopener\" target=\"_blank\">https:\/\/www.instagram.com\/p\/DTAz7bsDCA1\/?img_index=1?hidecaption=true<\/a><script async src=\"\/\/www.instagram.com\/embed.js\"><\/script><\/p>\n","protected":false},"excerpt":{"rendered":"Publicerad 2 jan 2026 kl 18.17 Amy Deasismont har f\u00f6rlovat sig! Sk\u00e5despelaren visar upp ringen p\u00e5 Instagram. \u201dDen&hellip;\n","protected":false},"author":2,"featured_media":123875,"comment_status":"","ping_status":"","sticky":false,"template":"","format":"standard","meta":{"footnotes":""},"categories":[67],"tags":[104,5222,361,13017,13018,34,31,33,32,30,547,109,105],"class_list":{"0":"post-123874","1":"post","2":"type-post","3":"status-publish","4":"format-standard","5":"has-post-thumbnail","7":"category-underhallning","8":"tag-entertainment","9":"tag-organization-pa-sparet","10":"tag-organization-svt","11":"tag-person-amy-deasismont","12":"tag-person-uje-brandelius","13":"tag-se","14":"tag-svenska","15":"tag-sverige","16":"tag-sweden","17":"tag-swedish","18":"tag-topic-karlek-relationer","19":"tag-topic-skadespelare","20":"tag-underhallning"},"share_on_mastodon":{"url":"https:\/\/pubeurope.com\/@se\/115826790424807086","error":""},"_links":{"self":[{"href":"https:\/\/www.europesays.com\/se\/wp-json\/wp\/v2\/posts\/123874","targetHints":{"allow":["GET"]}}],"collection":[{"href":"https:\/\/www.europesays.com\/se\/wp-json\/wp\/v2\/posts"}],"about":[{"href":"https:\/\/www.europesays.com\/se\/wp-json\/wp\/v2\/types\/post"}],"author":[{"embeddable":true,"href":"https:\/\/www.europesays.com\/se\/wp-json\/wp\/v2\/users\/2"}],"replies":[{"embeddable":true,"href":"https:\/\/www.europesays.com\/se\/wp-json\/wp\/v2\/comments?post=123874"}],"version-history":[{"count":0,"href":"https:\/\/www.europesays.com\/se\/wp-json\/wp\/v2\/posts\/123874\/revisions"}],"wp:featuredmedia":[{"embeddable":true,"href":"https:\/\/www.europesays.com\/se\/wp-json\/wp\/v2\/media\/123875"}],"wp:attachment":[{"href":"https:\/\/www.europesays.com\/se\/wp-json\/wp\/v2\/media?parent=123874"}],"wp:term":[{"taxonomy":"category","embeddable":true,"href":"https:\/\/www.europesays.com\/se\/wp-json\/wp\/v2\/categories?post=123874"},{"taxonomy":"post_tag","embeddable":true,"href":"https:\/\/www.europesays.com\/se\/wp-json\/wp\/v2\/tags?post=123874"}],"curies":[{"name":"wp","href":"https:\/\/api.w.org\/{rel}","templated":true}]}}