{"id":123884,"date":"2026-01-02T18:06:11","date_gmt":"2026-01-02T18:06:11","guid":{"rendered":"https:\/\/www.europesays.com\/se\/123884\/"},"modified":"2026-01-02T18:06:11","modified_gmt":"2026-01-02T18:06:11","slug":"trots-snokaoset-jobbas-for-fotbollsspel-i-helgen-unt","status":"publish","type":"post","link":"https:\/\/www.europesays.com\/se\/123884\/","title":{"rendered":"Trots sn\u00f6kaoset \u2013 jobbas f\u00f6r fotbollsspel i helgen &#8211; UNT"},"content":{"rendered":"<ol>\n<li><a href=\"https:\/\/news.google.com\/rss\/articles\/CBMinwFBVV95cUxQUDY2UjdnT0ZaVkI2cHJ2cmxsOHdWajN1V2VwV2U3akVfY3g2Q2NZQ2xRdGlMdEpwa3AteHR3ZmhXSE1YT3Q3NkgwT1p2c2drY19jZlJBaWRXamVsaVhSei1rRFdVaTRhNnd4MGVXOWFkQko0QUVvOEtOZXFDVVozanE1bnFhNkRWeTkwUzRDSXpvWHYyaFE3RnNEeFZIbUU?oc=5\" target=\"_blank\" rel=\"nofollow noopener\">Trots sn\u00f6kaoset \u2013 jobbas f\u00f6r fotbollsspel i helgen<\/a>&nbsp;&nbsp;UNT<\/li>\n<li><a href=\"https:\/\/news.google.com\/rss\/articles\/CBMilAFBVV95cUxOOUs3ZkZydG1mUHhlNkRJVW1pWmowQW5lbl96LUZGYXFUWGJzbW1STG1DRkJKc2tpS2R3dERWZWdzOUJEVF9LMGtTcFJQeDM0eWUzYTNLaWh6LVpDa19QNDVDSGNQZ2xxMDRSNXBiTXYydGZJc1pXYnNHTVJsbWdzS19aYzJfTVVoLVdDTTBzVjcwckhF?oc=5\" target=\"_blank\" rel=\"nofollow noopener\">Polisens f\u00f6rv\u00e5ning \u2013 under sn\u00f6kaoset<\/a>&nbsp;&nbsp;UNT<\/li>\n<li><a href=\"https:\/\/news.google.com\/rss\/articles\/CBMiigFBVV95cUxQdmVfelo1NnVnRkMzeVI5elI3ZVdFVERYU2FBWExndXRVRnNTZU5rX2dYX01JdWw5YWZKaDM3OHhSUS1EY0lHNDdYNjRPSWxYTzlTQ3U2YmJiOW9qV0tOc2hGN3lhRE43STdNX1FmSXhxR2gyZktjbG1fVUN5Mll0MGRKVXNoTHdSMEE?oc=5\" target=\"_blank\" rel=\"nofollow noopener\">Sn\u00f6r\u00f6jaren har knappt sovit: \u201dDet \u00e4r bara att k\u00f6ra s\u00e5 l\u00e4nge det h\u00e5ller\u201d<\/a>&nbsp;&nbsp;SVT Nyheter<\/li>\n<li><a href=\"https:\/\/news.google.com\/rss\/articles\/CBMihAFBVV95cUxQWGRJbzA5UWRuQ3hFR1ptWlVfM2hVZEhFbXFzQ0MzRU5VNWV5REFLeDVLN08wdmJ6b25TNzM3Qm1ZSXQ0MWtUSFV3S0VxQUFkaEdnVEN3b3dQTmJNdHhEeHhLSzZWSFh4bVB4ZkN3UEJfNzBPME1lampWTzBLMlc3UnVLNjE?oc=5\" target=\"_blank\" rel=\"nofollow noopener\">Sn\u00f6l\u00e4get stabilt \u2013 hemtj\u00e4nsten f\u00f6rberedd f\u00f6r natten<\/a>&nbsp;&nbsp;Sveriges Radio<\/li>\n<li><a href=\"https:\/\/news.google.com\/rss\/articles\/CBMikgFBVV95cUxObktpUUV4WWpyWVZ0UnMyS2Zpc0JhQTZrblhwX0NtX2Y4OWxXQkg1cDFJQi1aU0VCWVhJSk9FUWZCS3oyWUx4cXN0V0N4TEtRS1J0VnJ6ZTJBUjlrZkNnMnR2bzlleUhBTVljVlVnR1ZOeHA4enpOOWtGbHl6NTFwS1NJWW16TTdPUnJvZ1FUWHVrQQ?oc=5\" target=\"_blank\" rel=\"nofollow noopener\">40 v\u00e4gr\u00f6jare k\u00e4mpar mot sn\u00f6smockan \u2013 mer v\u00e4ntas<\/a>&nbsp;&nbsp;Borl\u00e4nge Tidning<\/li>\n<\/ol>\n","protected":false},"excerpt":{"rendered":"Trots sn\u00f6kaoset \u2013 jobbas f\u00f6r fotbollsspel i helgen&nbsp;&nbsp;UNT Polisens f\u00f6rv\u00e5ning \u2013 under sn\u00f6kaoset&nbsp;&nbsp;UNT Sn\u00f6r\u00f6jaren har knappt sovit: \u201dDet&hellip;\n","protected":false},"author":2,"featured_media":123885,"comment_status":"","ping_status":"","sticky":false,"template":"","format":"standard","meta":{"footnotes":""},"categories":[12],"tags":[22,23,26,27,17,21,24,25,28,29,15,16,18,34,31,33,32,30,19,20],"class_list":{"0":"post-123884","1":"post","2":"type-post","3":"status-publish","4":"format-standard","5":"has-post-thumbnail","7":"category-sverige","8":"tag-breaking-news","9":"tag-breakingnews","10":"tag-featured-news","11":"tag-featurednews","12":"tag-headlines","13":"tag-huvudnyheter","14":"tag-latest-news","15":"tag-latestnews","16":"tag-main-news","17":"tag-mainnews","18":"tag-news","19":"tag-nyheter","20":"tag-rubriker","21":"tag-se","22":"tag-svenska","23":"tag-sverige","24":"tag-sweden","25":"tag-swedish","26":"tag-top-stories","27":"tag-topstories"},"share_on_mastodon":{"url":"https:\/\/pubeurope.com\/@se\/115826837707966436","error":""},"_links":{"self":[{"href":"https:\/\/www.europesays.com\/se\/wp-json\/wp\/v2\/posts\/123884","targetHints":{"allow":["GET"]}}],"collection":[{"href":"https:\/\/www.europesays.com\/se\/wp-json\/wp\/v2\/posts"}],"about":[{"href":"https:\/\/www.europesays.com\/se\/wp-json\/wp\/v2\/types\/post"}],"author":[{"embeddable":true,"href":"https:\/\/www.europesays.com\/se\/wp-json\/wp\/v2\/users\/2"}],"replies":[{"embeddable":true,"href":"https:\/\/www.europesays.com\/se\/wp-json\/wp\/v2\/comments?post=123884"}],"version-history":[{"count":0,"href":"https:\/\/www.europesays.com\/se\/wp-json\/wp\/v2\/posts\/123884\/revisions"}],"wp:featuredmedia":[{"embeddable":true,"href":"https:\/\/www.europesays.com\/se\/wp-json\/wp\/v2\/media\/123885"}],"wp:attachment":[{"href":"https:\/\/www.europesays.com\/se\/wp-json\/wp\/v2\/media?parent=123884"}],"wp:term":[{"taxonomy":"category","embeddable":true,"href":"https:\/\/www.europesays.com\/se\/wp-json\/wp\/v2\/categories?post=123884"},{"taxonomy":"post_tag","embeddable":true,"href":"https:\/\/www.europesays.com\/se\/wp-json\/wp\/v2\/tags?post=123884"}],"curies":[{"name":"wp","href":"https:\/\/api.w.org\/{rel}","templated":true}]}}