{"id":123886,"date":"2026-01-02T18:07:11","date_gmt":"2026-01-02T18:07:11","guid":{"rendered":"https:\/\/www.europesays.com\/se\/123886\/"},"modified":"2026-01-02T18:07:11","modified_gmt":"2026-01-02T18:07:11","slug":"02-januari-12-10-trafikolycka-skelleftea-polisen-se","status":"publish","type":"post","link":"https:\/\/www.europesays.com\/se\/123886\/","title":{"rendered":"02 januari 12.10, Trafikolycka, Skellefte\u00e5 &#8211; polisen.se"},"content":{"rendered":"<ol>\n<li><a href=\"https:\/\/news.google.com\/rss\/articles\/CBMimgFBVV95cUxNd0dlSXp6YXlJaWZkYWhDblJRS1V1SDZzLV9vQzZSdVFQWmh4cXBnb09nR1N6S3A2bnZxSUxXZTl5V1YxcjZlNl9JZ1AwcGYxM0tVV1BzOEhOa3hHdzd6Rm5Fc0ZsTHdUM3ZCNlFTcjB3RGJxQzFtOUlTTllfV1NuMlBkSE5TX01QaWpNZ01FdENQLTFpOE54dzl3?oc=5\" target=\"_blank\" rel=\"nofollow noopener\">02 januari 12.10, Trafikolycka, Skellefte\u00e5<\/a>&nbsp;&nbsp;polisen.se<\/li>\n<li><a href=\"https:\/\/news.google.com\/rss\/articles\/CBMiqAFBVV95cUxOcEFXVDdGcHc3ZXIyWjY3WEotdjFSck5DUXVxS0NfVnZJQVJDZllsNE9KNG5PcXk5WmloWldsNWNvaG12NDZIOXUwWGdWZkpvNWg2VV9VZ1NWOGpBcHZ4MGNZdEVXY2E2Z1pIdUZhX3ItVXR0ME5QNlZzZ01RcklOdTVmbXZKbzFGclNXME1zMUNnQzRLVk5ZSzZxM3ZwWFFLcUZOTC1OYmo?oc=5\" target=\"_blank\" rel=\"nofollow noopener\">Buss och personbilar i krock p\u00e5 E4 vid \u00d6nnesmark \u2013 14 till sjukhus<\/a>&nbsp;&nbsp;SVT Nyheter<\/li>\n<li><a href=\"https:\/\/news.google.com\/rss\/articles\/CBMitwFBVV95cUxNNEZlNjZkS2gwTS13NHR2c0xsSzBQVzJYMmxkZDNUcFJ5ekY3TFdZcXRMQkZRbHVyM1BET3V5QkRwUDl0b1lmSXgtQjMtS20yUGN4MVlrTEtQSXVydTA5cHd3dEZ3NXNLUWwwV2g1OVY1Q3U0RUlmOG5yTGJ2LVhJMl85bDAwbndRSUtJUnhTOHhoaV9SYVRHU0V4RjJoSXl0dl82MFZvazk0S0RMOGJUTEE0dGxEc1E?oc=5\" target=\"_blank\" rel=\"nofollow noopener\">Elva personer till sjukhus efter olycka p\u00e5 E4 \u2013 stort p\u00e5drag<\/a>&nbsp;&nbsp;Norran<\/li>\n<li><a href=\"https:\/\/news.google.com\/rss\/articles\/CBMidEFVX3lxTE9RN3Qta2MtWkdxeHRZb1cyVjVBQW5zVGtCRTRoN1Zxb0UtNnN6NXlIR2owMnNnQjI0TWllZm1HTXhTNU9GZ0xyczRHUDhEMjhrUGxET0JNQWIyRkx5N29BQldDNzlBaFQ0V2lsRG9pRXM2Wm5T?oc=5\" target=\"_blank\" rel=\"nofollow noopener\">Just nu: Bussolycka p\u00e5 E4 \u2013 v\u00e4gen avst\u00e4ngd<\/a>&nbsp;&nbsp;V\u00e4sterbottens-Kuriren<\/li>\n<li><a href=\"https:\/\/news.google.com\/rss\/articles\/CBMihgFBVV95cUxPelZPSzNQd29ZNUZuSkJwOFRDbGEwZjRoMEhFUVJTNndVTFpnRjdLWExqT3JCUHBIX3V5Y0NMbHg2QmtrQk50TGFaOWJSblJHMFlabi15WGY0cHhKUk9UWDJJSFNIWFdmOVJCVFl5NUNpclE1Z1ZXTFRrNndxMHhuMmh4UXZjQQ?oc=5\" target=\"_blank\" rel=\"nofollow noopener\">Buss har v\u00e4lt efter krock med bilar<\/a>&nbsp;&nbsp;Aftonbladet<\/li>\n<\/ol>\n","protected":false},"excerpt":{"rendered":"02 januari 12.10, Trafikolycka, Skellefte\u00e5&nbsp;&nbsp;polisen.se Buss och personbilar i krock p\u00e5 E4 vid \u00d6nnesmark \u2013 14 till sjukhus&nbsp;&nbsp;SVT&hellip;\n","protected":false},"author":2,"featured_media":54,"comment_status":"","ping_status":"","sticky":false,"template":"","format":"standard","meta":{"footnotes":""},"categories":[5],"tags":[22,23,26,27,17,21,24,25,28,29,15,16,18,34,31,33,32,30,19,20],"class_list":{"0":"post-123886","1":"post","2":"type-post","3":"status-publish","4":"format-standard","5":"has-post-thumbnail","7":"category-rubriker","8":"tag-breaking-news","9":"tag-breakingnews","10":"tag-featured-news","11":"tag-featurednews","12":"tag-headlines","13":"tag-huvudnyheter","14":"tag-latest-news","15":"tag-latestnews","16":"tag-main-news","17":"tag-mainnews","18":"tag-news","19":"tag-nyheter","20":"tag-rubriker","21":"tag-se","22":"tag-svenska","23":"tag-sverige","24":"tag-sweden","25":"tag-swedish","26":"tag-top-stories","27":"tag-topstories"},"share_on_mastodon":{"url":"https:\/\/pubeurope.com\/@se\/115826841528372461","error":""},"_links":{"self":[{"href":"https:\/\/www.europesays.com\/se\/wp-json\/wp\/v2\/posts\/123886","targetHints":{"allow":["GET"]}}],"collection":[{"href":"https:\/\/www.europesays.com\/se\/wp-json\/wp\/v2\/posts"}],"about":[{"href":"https:\/\/www.europesays.com\/se\/wp-json\/wp\/v2\/types\/post"}],"author":[{"embeddable":true,"href":"https:\/\/www.europesays.com\/se\/wp-json\/wp\/v2\/users\/2"}],"replies":[{"embeddable":true,"href":"https:\/\/www.europesays.com\/se\/wp-json\/wp\/v2\/comments?post=123886"}],"version-history":[{"count":0,"href":"https:\/\/www.europesays.com\/se\/wp-json\/wp\/v2\/posts\/123886\/revisions"}],"wp:featuredmedia":[{"embeddable":true,"href":"https:\/\/www.europesays.com\/se\/wp-json\/wp\/v2\/media\/54"}],"wp:attachment":[{"href":"https:\/\/www.europesays.com\/se\/wp-json\/wp\/v2\/media?parent=123886"}],"wp:term":[{"taxonomy":"category","embeddable":true,"href":"https:\/\/www.europesays.com\/se\/wp-json\/wp\/v2\/categories?post=123886"},{"taxonomy":"post_tag","embeddable":true,"href":"https:\/\/www.europesays.com\/se\/wp-json\/wp\/v2\/tags?post=123886"}],"curies":[{"name":"wp","href":"https:\/\/api.w.org\/{rel}","templated":true}]}}