{"id":123891,"date":"2026-01-02T18:16:10","date_gmt":"2026-01-02T18:16:10","guid":{"rendered":"https:\/\/www.europesays.com\/se\/123891\/"},"modified":"2026-01-02T18:16:10","modified_gmt":"2026-01-02T18:16:10","slug":"flera-cykelolyckor-i-hemtjansten-i-vasteras-pa-grund-av-snon","status":"publish","type":"post","link":"https:\/\/www.europesays.com\/se\/123891\/","title":{"rendered":"Flera cykelolyckor i hemtj\u00e4nsten i V\u00e4ster\u00e5s p\u00e5 grund av sn\u00f6n"},"content":{"rendered":"<p>Sn\u00f6n har st\u00e4llt till det f\u00f6r hemtj\u00e4nstpersonalen. Det \u00e4r sv\u00e5rt att hinna mellan kunderna n\u00e4r trottoarer och cykelbanor \u00e4r oplogade eller i v\u00e4rsta fall t\u00e4ckta av sn\u00f6drivor. <\/p>\n<p>Johanna Xyun Lin \u00e4r en av dem som halkat omkull med sin cykel. Det gick bra f\u00f6r henne, det var bara en handske som gick s\u00f6nder.<\/p>\n<p>\u2013 Det k\u00e4nns ganska farligt i alla fall, s\u00e4ger hon, man m\u00e5ste vara f\u00f6rsiktig. <\/p>\n<p>Sannolikt flera olyckor i hemtj\u00e4nsten<\/p>\n<p>Kristiina Viitasalo, avdelningschef p\u00e5 hemtj\u00e4nsten i V\u00e4ster\u00e5s, tror att det har skett fler olyckor och tillbud \u00e4n den akuta skadan som uppstod under ny\u00e5rsdagen, men att personalen inte hunnit rapportera in det. <\/p>\n<p>Trots sn\u00f6ov\u00e4dret och de oplogade v\u00e4garna har hemtj\u00e4nsten hunnit till alla kunder, men de har blivit f\u00f6rsenade och tvingats skynda p\u00e5 bes\u00f6ken. <\/p>\n","protected":false},"excerpt":{"rendered":"Sn\u00f6n har st\u00e4llt till det f\u00f6r hemtj\u00e4nstpersonalen. Det \u00e4r sv\u00e5rt att hinna mellan kunderna n\u00e4r trottoarer och cykelbanor&hellip;\n","protected":false},"author":2,"featured_media":123892,"comment_status":"","ping_status":"","sticky":false,"template":"","format":"standard","meta":{"footnotes":""},"categories":[12],"tags":[22,23,26,27,17,21,24,25,28,29,15,16,18,34,31,33,32,30,19,20],"class_list":{"0":"post-123891","1":"post","2":"type-post","3":"status-publish","4":"format-standard","5":"has-post-thumbnail","7":"category-sverige","8":"tag-breaking-news","9":"tag-breakingnews","10":"tag-featured-news","11":"tag-featurednews","12":"tag-headlines","13":"tag-huvudnyheter","14":"tag-latest-news","15":"tag-latestnews","16":"tag-main-news","17":"tag-mainnews","18":"tag-news","19":"tag-nyheter","20":"tag-rubriker","21":"tag-se","22":"tag-svenska","23":"tag-sverige","24":"tag-sweden","25":"tag-swedish","26":"tag-top-stories","27":"tag-topstories"},"share_on_mastodon":{"url":"https:\/\/pubeurope.com\/@se\/115826877056701147","error":""},"_links":{"self":[{"href":"https:\/\/www.europesays.com\/se\/wp-json\/wp\/v2\/posts\/123891","targetHints":{"allow":["GET"]}}],"collection":[{"href":"https:\/\/www.europesays.com\/se\/wp-json\/wp\/v2\/posts"}],"about":[{"href":"https:\/\/www.europesays.com\/se\/wp-json\/wp\/v2\/types\/post"}],"author":[{"embeddable":true,"href":"https:\/\/www.europesays.com\/se\/wp-json\/wp\/v2\/users\/2"}],"replies":[{"embeddable":true,"href":"https:\/\/www.europesays.com\/se\/wp-json\/wp\/v2\/comments?post=123891"}],"version-history":[{"count":0,"href":"https:\/\/www.europesays.com\/se\/wp-json\/wp\/v2\/posts\/123891\/revisions"}],"wp:featuredmedia":[{"embeddable":true,"href":"https:\/\/www.europesays.com\/se\/wp-json\/wp\/v2\/media\/123892"}],"wp:attachment":[{"href":"https:\/\/www.europesays.com\/se\/wp-json\/wp\/v2\/media?parent=123891"}],"wp:term":[{"taxonomy":"category","embeddable":true,"href":"https:\/\/www.europesays.com\/se\/wp-json\/wp\/v2\/categories?post=123891"},{"taxonomy":"post_tag","embeddable":true,"href":"https:\/\/www.europesays.com\/se\/wp-json\/wp\/v2\/tags?post=123891"}],"curies":[{"name":"wp","href":"https:\/\/api.w.org\/{rel}","templated":true}]}}