{"id":123893,"date":"2026-01-02T18:17:10","date_gmt":"2026-01-02T18:17:10","guid":{"rendered":"https:\/\/www.europesays.com\/se\/123893\/"},"modified":"2026-01-02T18:17:10","modified_gmt":"2026-01-02T18:17:10","slug":"norrkoping-saljer-stjarna-for-miljonbelopp","status":"publish","type":"post","link":"https:\/\/www.europesays.com\/se\/123893\/","title":{"rendered":"Norrk\u00f6ping s\u00e4ljer stj\u00e4rna f\u00f6r miljonbelopp"},"content":{"rendered":"<p><a data-test-tag=\"internal-link\" href=\"https:\/\/www.aftonbladet.se\/av\/amanda-zaza\" class=\"hyperion-css-13ns1rr\" rel=\"nofollow noopener\" target=\"\" aria-label=\"Se alla artiklar av Amanda Zaza\"><img decoding=\"async\" class=\"image-asset hyperion-css-n6kkq1\" data-test-tag=\"image-asset\" src=\"https:\/\/www.europesays.com\/se\/wp-content\/uploads\/2026\/01\/1767377830_82_be766d86-0a01-427b-a374-88c037ad4655.png\"  alt=\"\"  loading=\"lazy\" fetchpriority=\"auto\" style=\"aspect-ratio:1900 \/ 1900\"\/><\/a><\/p>\n<p class=\"boxtextgrotesk-root_baa6 hyperion-css-1w346fg\">Uppdaterad 15.36 | Publicerad 14.40<\/p>\n<p>share-arrowDela<\/p>\n<p>unsaveSpara<\/p>\n<p>Lyssna p\u00e5 artikelnLyssna p\u00e5&#8230;<\/p>\n<p class=\"hyperion-css-1shl3oz\" data-test-tag=\"lead-text\">Maya Antoine, 24, l\u00e4mnar Norrk\u00f6ping. <\/p>\n<p class=\"hyperion-css-1shl3oz\" data-test-tag=\"lead-text\">Sportbladet kan avsl\u00f6ja att hon s\u00e4ljs till Roma f\u00f6r miljonbelopp. <\/p>\n<p>expand-left<\/p>\n<p>helsk\u00e4rm<img decoding=\"async\" class=\"image-asset hyperion-css-u06ts1\" data-test-tag=\"image-asset\" src=\"https:\/\/www.europesays.com\/se\/wp-content\/uploads\/2026\/01\/4de68004-470b-449a-ace0-4247bc16d94c.jpeg\"  alt=\"Maya Antoine.\"  loading=\"eager\" fetchpriority=\"high\" style=\"aspect-ratio:1900 \/ 1267\"\/>Maya Antoine. Foto: Magnus Andersson \/ Bildbyr\u00e5n<\/p>\n<p class=\"hyperion-css-1v9qo5x\">Backen l\u00e4mnade Washington Spirit f\u00f6r <a data-test-tag=\"internal-link\" href=\"https:\/\/www.aftonbladet.se\/tagg\/ifk-norrkoping\" class=\"hyperion-css-15jkft9\" rel=\"nofollow noopener\" target=\"\" aria-label=\"IFK Norrk\u00f6ping\" theme=\"sportbladet\">IFK Norrk\u00f6ping<\/a>, och har sedan dess varit en av klubbens absolut viktigaste spelare \u2013 n\u00e4r hon spelade 23 av 26 matcher. <\/p>\n<p class=\"hyperion-css-1v9qo5x\">Nu ser stj\u00e4rnan Maya Antoine dock ut att l\u00e4mna klubben. Detta d\u00e5 hon jagats av b\u00e5de Roma och Bay FC. <\/p>\n<p class=\"hyperion-css-1v9qo5x\">Sportbladet kan avsl\u00f6ja att IFK Norrk\u00f6ping \u00e4r detaljer fr\u00e5n en f\u00f6rs\u00e4ljning till den italienska klubben, Roma. <\/p>\n<p class=\"hyperion-css-1v9qo5x\">Antoine v\u00e4ntas g\u00f6ra medicinsk unders\u00f6kning i dagarna, och om allt g\u00e5r som planerat v\u00e4ntas en f\u00f6rs\u00e4ljning bli officiell inom kort. <\/p>\n<p class=\"hyperion-css-1v9qo5x\">Enligt uppgifter v\u00e4ntas hon s\u00e4ljas f\u00f6r miljonbelopp. <\/p>\n<p class=\"hyperion-css-1v9qo5x\">IFK Norrk\u00f6ping slutade p\u00e5 en femteplats i fjol. Samtidigt som Roma f\u00f6r n\u00e4rvarande leder ligan. <\/p>\n","protected":false},"excerpt":{"rendered":"Uppdaterad 15.36 | Publicerad 14.40 share-arrowDela unsaveSpara Lyssna p\u00e5 artikelnLyssna p\u00e5&#8230; Maya Antoine, 24, l\u00e4mnar Norrk\u00f6ping. Sportbladet kan&hellip;\n","protected":false},"author":2,"featured_media":123894,"comment_status":"","ping_status":"","sticky":false,"template":"","format":"standard","meta":{"footnotes":""},"categories":[5],"tags":[22,23,26,27,17,21,24,25,28,29,15,16,18,34,31,33,32,30,19,20],"class_list":{"0":"post-123893","1":"post","2":"type-post","3":"status-publish","4":"format-standard","5":"has-post-thumbnail","7":"category-rubriker","8":"tag-breaking-news","9":"tag-breakingnews","10":"tag-featured-news","11":"tag-featurednews","12":"tag-headlines","13":"tag-huvudnyheter","14":"tag-latest-news","15":"tag-latestnews","16":"tag-main-news","17":"tag-mainnews","18":"tag-news","19":"tag-nyheter","20":"tag-rubriker","21":"tag-se","22":"tag-svenska","23":"tag-sverige","24":"tag-sweden","25":"tag-swedish","26":"tag-top-stories","27":"tag-topstories"},"share_on_mastodon":{"url":"https:\/\/pubeurope.com\/@se\/115826880883178878","error":""},"_links":{"self":[{"href":"https:\/\/www.europesays.com\/se\/wp-json\/wp\/v2\/posts\/123893","targetHints":{"allow":["GET"]}}],"collection":[{"href":"https:\/\/www.europesays.com\/se\/wp-json\/wp\/v2\/posts"}],"about":[{"href":"https:\/\/www.europesays.com\/se\/wp-json\/wp\/v2\/types\/post"}],"author":[{"embeddable":true,"href":"https:\/\/www.europesays.com\/se\/wp-json\/wp\/v2\/users\/2"}],"replies":[{"embeddable":true,"href":"https:\/\/www.europesays.com\/se\/wp-json\/wp\/v2\/comments?post=123893"}],"version-history":[{"count":0,"href":"https:\/\/www.europesays.com\/se\/wp-json\/wp\/v2\/posts\/123893\/revisions"}],"wp:featuredmedia":[{"embeddable":true,"href":"https:\/\/www.europesays.com\/se\/wp-json\/wp\/v2\/media\/123894"}],"wp:attachment":[{"href":"https:\/\/www.europesays.com\/se\/wp-json\/wp\/v2\/media?parent=123893"}],"wp:term":[{"taxonomy":"category","embeddable":true,"href":"https:\/\/www.europesays.com\/se\/wp-json\/wp\/v2\/categories?post=123893"},{"taxonomy":"post_tag","embeddable":true,"href":"https:\/\/www.europesays.com\/se\/wp-json\/wp\/v2\/tags?post=123893"}],"curies":[{"name":"wp","href":"https:\/\/api.w.org\/{rel}","templated":true}]}}