{"id":123895,"date":"2026-01-02T18:25:07","date_gmt":"2026-01-02T18:25:07","guid":{"rendered":"https:\/\/www.europesays.com\/se\/123895\/"},"modified":"2026-01-02T18:25:07","modified_gmt":"2026-01-02T18:25:07","slug":"ukraina-evakuerar-3-000-barn-fran-fronten","status":"publish","type":"post","link":"https:\/\/www.europesays.com\/se\/123895\/","title":{"rendered":"Ukraina evakuerar 3\u00a0000 barn fr\u00e5n fronten"},"content":{"rendered":"<p>Ukraina evakuerar omkring 3\u202f000 barn och deras f\u00f6r\u00e4ldrar fr\u00e5n omr\u00e5den n\u00e4ra frontlinjerna i regionerna Dnipropetrovsk och Zaporizjzja, skriver AFP. Anledningen \u00e4r \u201dden sv\u00e5ra s\u00e4kerhetssituationen\u201d.<\/p>\n<p>Enligt nyhetsbyr\u00e5n har ryska styrkor de senaste m\u00e5naderna i l\u00e5ngsam takt ryckt fram i regionerna. <\/p>\n<p>Samtidigt genomf\u00f6rs evakueringar i Chernihiv l\u00e4ngre norrut, vid gr\u00e4nsen mot Belarus. <\/p>\n<p>Omni \u00e4r politiskt obundna och oberoende. Vi str\u00e4var efter att ge fler perspektiv p\u00e5 nyheterna. Har du fr\u00e5gor eller synpunkter kring v\u00e5r rapportering? <a href=\"https:\/\/omni.se\/ukraina-evakuerar-3000-barn-fran-fronten\/a\/mailto:redaktion@omni.se\" class=\"ArticleActions_contactLink__W2F1M\" rel=\"nofollow noopener\" target=\"_blank\">Kontakta redaktionen<\/a><\/p>\n","protected":false},"excerpt":{"rendered":"Ukraina evakuerar omkring 3\u202f000 barn och deras f\u00f6r\u00e4ldrar fr\u00e5n omr\u00e5den n\u00e4ra frontlinjerna i regionerna Dnipropetrovsk och Zaporizjzja, skriver&hellip;\n","protected":false},"author":2,"featured_media":123896,"comment_status":"","ping_status":"","sticky":false,"template":"","format":"standard","meta":{"footnotes":""},"categories":[14],"tags":[22,23,267,26,27,17,21,24,25,28,29,15,16,18,269,264,34,31,33,32,30,19,20,263,51,52,53,54],"class_list":{"0":"post-123895","1":"post","2":"type-post","3":"status-publish","4":"format-standard","5":"has-post-thumbnail","7":"category-varlden","8":"tag-breaking-news","9":"tag-breakingnews","10":"tag-europa","11":"tag-featured-news","12":"tag-featurednews","13":"tag-headlines","14":"tag-huvudnyheter","15":"tag-latest-news","16":"tag-latestnews","17":"tag-main-news","18":"tag-mainnews","19":"tag-news","20":"tag-nyheter","21":"tag-rubriker","22":"tag-ryska-invasionen","23":"tag-ryssland","24":"tag-se","25":"tag-svenska","26":"tag-sverige","27":"tag-sweden","28":"tag-swedish","29":"tag-top-stories","30":"tag-topstories","31":"tag-ukraina","32":"tag-varlden","33":"tag-world","34":"tag-world-news","35":"tag-worldnews"},"share_on_mastodon":{"url":"https:\/\/pubeurope.com\/@se\/115826912369419376","error":""},"_links":{"self":[{"href":"https:\/\/www.europesays.com\/se\/wp-json\/wp\/v2\/posts\/123895","targetHints":{"allow":["GET"]}}],"collection":[{"href":"https:\/\/www.europesays.com\/se\/wp-json\/wp\/v2\/posts"}],"about":[{"href":"https:\/\/www.europesays.com\/se\/wp-json\/wp\/v2\/types\/post"}],"author":[{"embeddable":true,"href":"https:\/\/www.europesays.com\/se\/wp-json\/wp\/v2\/users\/2"}],"replies":[{"embeddable":true,"href":"https:\/\/www.europesays.com\/se\/wp-json\/wp\/v2\/comments?post=123895"}],"version-history":[{"count":0,"href":"https:\/\/www.europesays.com\/se\/wp-json\/wp\/v2\/posts\/123895\/revisions"}],"wp:featuredmedia":[{"embeddable":true,"href":"https:\/\/www.europesays.com\/se\/wp-json\/wp\/v2\/media\/123896"}],"wp:attachment":[{"href":"https:\/\/www.europesays.com\/se\/wp-json\/wp\/v2\/media?parent=123895"}],"wp:term":[{"taxonomy":"category","embeddable":true,"href":"https:\/\/www.europesays.com\/se\/wp-json\/wp\/v2\/categories?post=123895"},{"taxonomy":"post_tag","embeddable":true,"href":"https:\/\/www.europesays.com\/se\/wp-json\/wp\/v2\/tags?post=123895"}],"curies":[{"name":"wp","href":"https:\/\/api.w.org\/{rel}","templated":true}]}}