{"id":123899,"date":"2026-01-02T18:28:06","date_gmt":"2026-01-02T18:28:06","guid":{"rendered":"https:\/\/www.europesays.com\/se\/123899\/"},"modified":"2026-01-02T18:28:06","modified_gmt":"2026-01-02T18:28:06","slug":"hemtjanstpersonal-fastnar-i-snokaoset-far-fortsatta-till-fots-arbetet","status":"publish","type":"post","link":"https:\/\/www.europesays.com\/se\/123899\/","title":{"rendered":"Hemtj\u00e4nstpersonal fastnar i sn\u00f6kaoset \u2013 f\u00e5r forts\u00e4tta till fots \u2013 Arbetet"},"content":{"rendered":"<p>\t\t\t\t\t\t\t\t\t\tArtikeln i korthet<\/p>\n<ul>\n<li>Anst\u00e4llda inom hemtj\u00e4nsten i Ulricehamn har haft problem med att n\u00e5 v\u00e5rdtagare p\u00e5 grund av sn\u00f6ov\u00e4dret. Vissa anst\u00e4llda har beh\u00f6vt hj\u00e4lp med b\u00e4rgning och ibland f\u00e5tt g\u00e5 till fots.<\/li>\n<li>Kommunen har utrustat alla bilar med krisl\u00e5dor som inneh\u00e5ller filtar, ficklampor och annan utrustning.<\/li>\n<li>Stormen Anna har lett till gula och orangea varningar fr\u00e5n SMHI i stora delar av landet, och flera kommuner har g\u00e5tt upp i stabsl\u00e4ge f\u00f6r att klara sn\u00f6fallet under helgen.<\/li>\n<\/ul>\n<p class=\"FactBox-disclaimer\">Denna sammanfattning har gjorts med st\u00f6d av AI och \u00e4r kvalitetss\u00e4krad av en redaktionell medarbetare. <a href=\"https:\/\/arbetet.se\/ai-policy-lo-mediehus\/\" rel=\"nofollow noopener\" target=\"_blank\">L\u00e4s v\u00e5r AI-policy.<\/a><\/p>\n<p>\t\t\t\t\tL\u00e4s mer\n\t\t\t<\/p>\n<p>Anst\u00e4llda p\u00e5 hemtj\u00e4nsten har sv\u00e5rt att ta sig ut till v\u00e5rdtagare n\u00e4r ov\u00e4dret hindrar framkomligheten. I Ulricehamn har flera anst\u00e4llda f\u00e5tt hj\u00e4lp med b\u00e4rgning efter att ha k\u00f6rt fast, ber\u00e4ttar verksamhetschefen Simon Elfgren.<\/p>\n<p>\u2013 N\u00e5gra har f\u00e5tt g\u00e5 till fots sista biten fram till huset. Det \u00e4r f\u00f6rst\u00e5s utmanande, men v\u00e5ra medarbetare har gjort ett fantastiskt jobb. L\u00e4get \u00e4r under kontroll, \u00e4ven om dagen varit tuff, s\u00e4ger Simon Elfgren.<\/p>\n<p>Han menar att kommunen sedan tidigare har en god krisberedskap, men att m\u00e4ngden sn\u00f6 har inneburit en p\u00e5frestning \u00e4ven f\u00f6r erfarna medarbetare. Under morgonen har framkomligheten varit den st\u00f6rsta utmaningen.<\/p>\n<p>Sn\u00f6r\u00f6jare hinner inte med<\/p>\n<p>Sn\u00f6r\u00f6jningen har haft sv\u00e5rt att hinna fram \u00f6verallt, vilket gjort det tufft f\u00f6r personalen att b\u00e5de ta sig till jobbet och mellan brukare.<\/p>\n<p>\u2013 Vi har bra fordon, men det \u00e4r klart att det kan vara intressant att kolla p\u00e5 s\u00e5nt efter det h\u00e4r. Det \u00e4r n\u00e5got vi kan dra l\u00e4rdomar av. Men ibland g\u00e5r det helt enkelt inte att undvika att man k\u00f6r fast, s\u00e4ger Simon Elfgren.<\/p>\n<p>\t\t\t\t\t<img alt=\"Simon Elfgren med kort, ljusbrunt h\u00e5r st\u00e5r utomhus framf\u00f6r en tegelbyggnad. Han b\u00e4r en m\u00f6rk polotr\u00f6ja och rock och ler mot kameran.\" class=\"MediaWrapper-content BodyImage-imageObject\" src=\"https:\/\/www.europesays.com\/se\/wp-content\/uploads\/2026\/01\/simonelfgren.png\" data-lazy-load-target=\"content\" width=\"400\" height=\"532\" loading=\"lazy\" decoding=\"async\" fetchpriority=\"auto\"\/><\/p>\n<p>\n\t\t\t\t\tSimon Elfgren, verksamhetschef inom Ulricehamns kommun.<br \/>\n\t\t\t\t\t\t\tFoto: Ulricehamns kommun\n\t\t\t\t\t\t\t\t\t<\/p>\n<p>Ut\u00f6ver att se till att anst\u00e4llda har tillg\u00e5ng till bra fordon har kommunen i Ulricehamn utrustat alla bilar med s\u00e5 kallade krisl\u00e5dor \u2013 med filtar, ficklampor och annan n\u00f6dv\u00e4ndig utrustning om personalen skulle bli st\u00e5ende.<\/p>\n<p>\u2013 Det kan bli relevant att ha till hands. Vi jobbar hela tiden med att st\u00e4rka v\u00e5r beredskap, s\u00e4ger Simon Elfgren.<\/p>\n<p>\u201dInte f\u00f6rsta \u00e5ret vi har sn\u00f6\u201d<\/p>\n<p>Flera kommuner i landet har redan g\u00e5tt upp i stabsl\u00e4ge f\u00f6r att kunna samordna insatserna inf\u00f6r fortsatt sn\u00f6fall. <\/p>\n<p>Ov\u00e4dret Anna har medf\u00f6rt gula och orangea varningar fr\u00e5n SMHI i stora delar av landet, och mer sn\u00f6 v\u00e4ntas falla under helgen.<\/p>\n<p>I Ulricehamn f\u00f6ljer man utvecklingen noga, enligt Simon Elfgren har medarbetarna kontroll \u00f6ver situationen, men att de  alltid att kunna ta l\u00e4rdomar fr\u00e5n ov\u00e4dret.<\/p>\n<p>\u2013 Det \u00e4r inte f\u00f6rsta \u00e5ret vi har sn\u00f6, men det \u00e4r alltid en utmaning. Vi kommer att se \u00f6ver vad vi kan g\u00f6ra \u00e4nnu b\u00e4ttre n\u00e4sta g\u00e5ng, s\u00e4ger Simon Elfgren.<\/p>\n","protected":false},"excerpt":{"rendered":"Artikeln i korthet Anst\u00e4llda inom hemtj\u00e4nsten i Ulricehamn har haft problem med att n\u00e5 v\u00e5rdtagare p\u00e5 grund av&hellip;\n","protected":false},"author":2,"featured_media":123900,"comment_status":"","ping_status":"","sticky":false,"template":"","format":"standard","meta":{"footnotes":""},"categories":[5],"tags":[22,23,26,27,17,21,24,25,28,29,15,16,18,34,31,33,32,30,19,20],"class_list":{"0":"post-123899","1":"post","2":"type-post","3":"status-publish","4":"format-standard","5":"has-post-thumbnail","7":"category-rubriker","8":"tag-breaking-news","9":"tag-breakingnews","10":"tag-featured-news","11":"tag-featurednews","12":"tag-headlines","13":"tag-huvudnyheter","14":"tag-latest-news","15":"tag-latestnews","16":"tag-main-news","17":"tag-mainnews","18":"tag-news","19":"tag-nyheter","20":"tag-rubriker","21":"tag-se","22":"tag-svenska","23":"tag-sverige","24":"tag-sweden","25":"tag-swedish","26":"tag-top-stories","27":"tag-topstories"},"share_on_mastodon":{"url":"https:\/\/pubeurope.com\/@se\/115826924079874958","error":""},"_links":{"self":[{"href":"https:\/\/www.europesays.com\/se\/wp-json\/wp\/v2\/posts\/123899","targetHints":{"allow":["GET"]}}],"collection":[{"href":"https:\/\/www.europesays.com\/se\/wp-json\/wp\/v2\/posts"}],"about":[{"href":"https:\/\/www.europesays.com\/se\/wp-json\/wp\/v2\/types\/post"}],"author":[{"embeddable":true,"href":"https:\/\/www.europesays.com\/se\/wp-json\/wp\/v2\/users\/2"}],"replies":[{"embeddable":true,"href":"https:\/\/www.europesays.com\/se\/wp-json\/wp\/v2\/comments?post=123899"}],"version-history":[{"count":0,"href":"https:\/\/www.europesays.com\/se\/wp-json\/wp\/v2\/posts\/123899\/revisions"}],"wp:featuredmedia":[{"embeddable":true,"href":"https:\/\/www.europesays.com\/se\/wp-json\/wp\/v2\/media\/123900"}],"wp:attachment":[{"href":"https:\/\/www.europesays.com\/se\/wp-json\/wp\/v2\/media?parent=123899"}],"wp:term":[{"taxonomy":"category","embeddable":true,"href":"https:\/\/www.europesays.com\/se\/wp-json\/wp\/v2\/categories?post=123899"},{"taxonomy":"post_tag","embeddable":true,"href":"https:\/\/www.europesays.com\/se\/wp-json\/wp\/v2\/tags?post=123899"}],"curies":[{"name":"wp","href":"https:\/\/api.w.org\/{rel}","templated":true}]}}