{"id":123904,"date":"2026-01-02T18:40:06","date_gmt":"2026-01-02T18:40:06","guid":{"rendered":"https:\/\/www.europesays.com\/se\/123904\/"},"modified":"2026-01-02T18:40:06","modified_gmt":"2026-01-02T18:40:06","slug":"de-har-fatt-roller-i-netflix-assassins-creed-5-skadisar-klara","status":"publish","type":"post","link":"https:\/\/www.europesays.com\/se\/123904\/","title":{"rendered":"De har f\u00e5tt roller i Netflix &#8221;Assassin&#8217;s Creed&#8221; &#8211; 5 sk\u00e5disar klara"},"content":{"rendered":"<p>Netflix har nu best\u00e4mt sig f\u00f6r att ge sig in i den lukrativa \u201dl\u00e5t-oss-g\u00f6ra-TV-serier-av-spel\u201d-trend som Prime Video och HBO Max redan funnit stor framg\u00e5ng inom med serier som \u201dFallout\u201d och \u201dThe Last of Us\u201d. Netflix har valt att satsa p\u00e5 l\u00f6nnm\u00f6rdarspelen \u201d<strong>Assassin\u2019s Creed<\/strong>\u201d som, bortsett fr\u00e5n ett fiasko till film med Michael Fassbender f\u00f6r tio \u00e5r sedan, aldrig adapterats i live-action.<\/p>\n<p>Castingen f\u00f6r serien har p\u00e5g\u00e5tt nu under vintern, och totalt har fem namn blivit klara f\u00f6r serien, varav den senaste sl\u00e4pptes idag via <a href=\"https:\/\/deadline.com\/2026\/01\/assassins-creed-tanzyn-crawford-cast-netflix-series-1236658813\/\" rel=\"nofollow noopener\" target=\"_blank\">Deadline<\/a>. Sk\u00e5disarna du kommer se i \u201dAssassin\u2019s Creed\u201d \u00e4r som f\u00f6ljer:<\/p>\n<ul class=\"wp-block-list\">\n<li><strong>Toby Wallace<\/strong>, mest k\u00e4nd fr\u00e5n \u201dThe Bikeriders\u201d och \u201dEden\u201d, \u00e4r klar f\u00f6r en av huvudrollerna.<\/li>\n<li><strong>Lola Petticrew<\/strong>, som medverkat i serien \u201dSay Nothing\u201d och filmen \u201dDating Amber\u201d har knipit huvudroll nummer 2. <\/li>\n<li><strong>Zachary Hart<\/strong>, med tidigare Netflixerfarenhet fr\u00e5n \u201dBodies\u201d och \u201dThe Witcher: Blood Origin\u201d har f\u00e5tt en central roll.<\/li>\n<li><strong>Laura Marcus<\/strong>, som bara i \u00e5r synts i s\u00e5v\u00e4l \u201dAndor\u201d som \u201dDeath By Lightning\u201d, \u00e4r \u00e4ven hon bekr\u00e4ftad f\u00f6r serien. <\/li>\n<li><strong>Tanzyn Crawford<\/strong>, som vi om bara n\u00e5gra veckor f\u00e5r se spela Tanselle i \u201dA Knight of the Seven Kingdoms\u201d blev idag det femte namnet som offentliggjorts f\u00f6r \u201dAssassin\u2019s Creed\u201d. <\/li>\n<\/ul>\n<p><img loading=\"lazy\" height=\"365\" width=\"648\" class=\"wp-image-710015 sp-no-webp perfmatters-lazy\" alt=\"\" decoding=\"async\" src=\"https:\/\/www.europesays.com\/se\/wp-content\/uploads\/2026\/01\/assassinscreedcast-648x365.jpg\"  data-\/> Toby Wallace, Lola Petticrew, Laura Marcus och Tanzyn Crawford \u00e4r alla klara f\u00f6r roller i \u201dAssassin\u2019s Creed\u201d<\/p>\n<p>Inga detaljer finns \u00e4nnu kring vilka karakt\u00e4rer de spelar, men vad det verkar s\u00e5 kommer \u201dAssassin\u2019s Creed\u201d f\u00f6lja originalkarakt\u00e4rer \u2013 r\u00e4kna allts\u00e5 inte med att n\u00e5gon av de h\u00e4r fem spelar Ezio, Desmond eller Kassandra. <\/p>\n<p>Detaljerna kring \u201dAssassin\u2019s Creed\u201d \u00e4r i \u00f6vrigt sparsmakade, men rykten g\u00f6r g\u00e4llande att serien prim\u00e4rt kommer <a href=\"https:\/\/www.moviezine.se\/nyheter\/assassins-creed-serien-pa-netflix-verkar-utspelar-sig-i-romarriket\" rel=\"nofollow noopener\" target=\"_blank\">utspela sig i antika Rom<\/a>. I likhet med spelen l\u00e4r vi \u00e4ven f\u00e5 n\u00e5gon slags ramstory i modern tid: hela \u201dAssassin\u2019s Creed\u201d-premissen kretsar kring att m\u00e4nniskor fr\u00e5n tv\u00e5 hemliga organisationer (Assassins och Templars) anv\u00e4nder en maskin kallad Animus f\u00f6r att se minnen fr\u00e5n sedan l\u00e4nge d\u00f6da krigare, allt i hopp om att hitta artefakter fr\u00e5n en mystisk tidigare civilisation. <\/p>\n<p>En annan sak vi ocks\u00e5 vet \u00e4r att svenske <a href=\"https:\/\/www.moviezine.se\/nyheter\/johan-renck-smyger-over-till-netflix-styr-upp-assassins-creed\" rel=\"nofollow noopener\" target=\"_blank\">Johan Renck<\/a>, som tidigare gjort \u201dChernobyl\u201d kommer att regissera avsnitt i serien, vilket onekligen g\u00f6r den mer sp\u00e4nnande \u00e4n den redan \u00e4r.<\/p>\n<p>\u201dAssassin\u2019s Creed\u201d saknar i skrivande stund ett premi\u00e4rdatum, men eftersom inspelningen siktar p\u00e5 att dra ig\u00e5ng nu i \u00e5r s\u00e5 ser n\u00e5gon g\u00e5ng under 2027 sannolikt ut. <\/p>\n<p>L\u00e4s ocks\u00e5: <a href=\"https:\/\/www.moviezine.se\/nyheter\/assassins-creed-spelet-du-missade-dyker-upp-pa-ps-plus\" title=\"\u201cAssassin\u2019s Creed\u201d-spelet du missade dyker upp p\u00e5 PS Plus\" class=\"underline-custom !font-montserrat !font-bold !underline-offset-4 !decoration-4 !decoration-moviezine-green !text-md\" rel=\"nofollow noopener\" target=\"_blank\">\u201cAssassin\u2019s Creed\u201d-spelet du missade dyker upp p\u00e5 PS Plus<\/a><\/p>\n<p>L\u00e4s ocks\u00e5: <a href=\"https:\/\/www.moviezine.se\/nyheter\/god-of-war-serien-hittar-sin-regissor-klar-for-tva-sasonger\" title=\"\u201dGod of War\u201d-serien hittar sin regiss\u00f6r \u2013 klar f\u00f6r tv\u00e5 s\u00e4songer\" class=\"underline-custom !font-montserrat !font-bold !underline-offset-4 !decoration-4 !decoration-moviezine-green !text-md\" rel=\"nofollow noopener\" target=\"_blank\">\u201dGod of War\u201d-serien hittar sin regiss\u00f6r \u2013 klar f\u00f6r tv\u00e5 s\u00e4songer<\/a><\/p>\n","protected":false},"excerpt":{"rendered":"Netflix har nu best\u00e4mt sig f\u00f6r att ge sig in i den lukrativa \u201dl\u00e5t-oss-g\u00f6ra-TV-serier-av-spel\u201d-trend som Prime Video och&hellip;\n","protected":false},"author":2,"featured_media":123905,"comment_status":"","ping_status":"","sticky":false,"template":"","format":"standard","meta":{"footnotes":""},"categories":[67],"tags":[2453,104,2399,34,31,33,32,30,2012,105],"class_list":{"0":"post-123904","1":"post","2":"type-post","3":"status-publish","4":"format-standard","5":"has-post-thumbnail","7":"category-underhallning","8":"tag-casting","9":"tag-entertainment","10":"tag-netflix","11":"tag-se","12":"tag-svenska","13":"tag-sverige","14":"tag-sweden","15":"tag-swedish","16":"tag-tv-spel","17":"tag-underhallning"},"share_on_mastodon":{"url":"https:\/\/pubeurope.com\/@se\/115826971273457910","error":""},"_links":{"self":[{"href":"https:\/\/www.europesays.com\/se\/wp-json\/wp\/v2\/posts\/123904","targetHints":{"allow":["GET"]}}],"collection":[{"href":"https:\/\/www.europesays.com\/se\/wp-json\/wp\/v2\/posts"}],"about":[{"href":"https:\/\/www.europesays.com\/se\/wp-json\/wp\/v2\/types\/post"}],"author":[{"embeddable":true,"href":"https:\/\/www.europesays.com\/se\/wp-json\/wp\/v2\/users\/2"}],"replies":[{"embeddable":true,"href":"https:\/\/www.europesays.com\/se\/wp-json\/wp\/v2\/comments?post=123904"}],"version-history":[{"count":0,"href":"https:\/\/www.europesays.com\/se\/wp-json\/wp\/v2\/posts\/123904\/revisions"}],"wp:featuredmedia":[{"embeddable":true,"href":"https:\/\/www.europesays.com\/se\/wp-json\/wp\/v2\/media\/123905"}],"wp:attachment":[{"href":"https:\/\/www.europesays.com\/se\/wp-json\/wp\/v2\/media?parent=123904"}],"wp:term":[{"taxonomy":"category","embeddable":true,"href":"https:\/\/www.europesays.com\/se\/wp-json\/wp\/v2\/categories?post=123904"},{"taxonomy":"post_tag","embeddable":true,"href":"https:\/\/www.europesays.com\/se\/wp-json\/wp\/v2\/tags?post=123904"}],"curies":[{"name":"wp","href":"https:\/\/api.w.org\/{rel}","templated":true}]}}