{"id":123910,"date":"2026-01-02T18:45:16","date_gmt":"2026-01-02T18:45:16","guid":{"rendered":"https:\/\/www.europesays.com\/se\/123910\/"},"modified":"2026-01-02T18:45:16","modified_gmt":"2026-01-02T18:45:16","slug":"tusentals-hushall-utan-strom-i-stormen-expressen","status":"publish","type":"post","link":"https:\/\/www.europesays.com\/se\/123910\/","title":{"rendered":"Tusentals hush\u00e5ll utan str\u00f6m i stormen &#8211; Expressen"},"content":{"rendered":"<ol>\n<li><a href=\"https:\/\/news.google.com\/rss\/articles\/CBMilwFBVV95cUxPQ21ZeWRPTnlrQVhiWjhMM1duS2tMQkxRMWhtS3BjejY4SmJFU0NQOGwxVGM5RGd1bGdESHJlZ3BaNFRvOUpoWnd6RTJSX3FpODVTaEhOTzRpVnNKODlqU0IzVHpYTVM4dzM0c3pqdjcycWF3NzUwMHdxQXQzcDU1dU5jeU1jRW4zNlZ5QjhXSlR0OVFuV2o0?oc=5\" target=\"_blank\" rel=\"nofollow noopener\">Tusentals hush\u00e5ll utan str\u00f6m i stormen<\/a>&nbsp;&nbsp;Expressen<\/li>\n<li><a href=\"https:\/\/news.google.com\/rss\/articles\/CBMirAFBVV95cUxQci1pSS1EdDF5OGlOMXRtRHVUV3N5elE4NWp6UHBhQ2tReERjbmVvRXc3aEVRTzBNRVlDU0pWS0xjeXBOWjJ1MnhkUXN6bHBpV1JuMmppNE55QjIzei1aeDduVFozWjZHaGZjQWpRLUdJQUlhRmJiYVhnS0ptYm1HeTM5bXljbHU2QXBHb2s2QVpTTjF3Q3ZvYjhySU1yMmZWQ3BxdkFzTjgwQmhM?oc=5\" target=\"_blank\" rel=\"nofollow noopener\">Tallar f\u00f6ll p\u00e5 Gunnars grannes hus \u2013 nu \u00e4r de insn\u00f6ade tillsammans<\/a>&nbsp;&nbsp;Aftonbladet<\/li>\n<li><a href=\"https:\/\/news.google.com\/rss\/articles\/CBMimwFBVV95cUxOeUZlNHhTUWJVNEQwcnd4NnRROW1GbzhmZjJEOGRzMll6WkI4V3RLRGlmQmxVNXlrTW94aS1ZdlEzOUZYTGxfTWlYTGYwejhYRktPUFdWN21rdW1UYzFDTnRYZjNucWFOSFNRX1NuLWlRSDVNU2lZMFFtVGV5bjdYcXZMTGNJeWxQd25MbjlpUFVnODhoNlRXUnpoVQ?oc=5\" target=\"_blank\" rel=\"nofollow noopener\">Leif och Lotta i Kungsg\u00e5rden utan el i sju dagar \u2013 s\u00e5 klarar de sig<\/a>&nbsp;&nbsp;SVT Nyheter<\/li>\n<li><a href=\"https:\/\/news.google.com\/rss\/articles\/CBMif0FVX3lxTE91MkVoekl3SkUzWXNSbkprTzZSX3BSYnc2VEl3VW9aQzI1akxDM2xNSTJ5eWZpb29jUTlXd3BaaEdaVl9JdWhqbmZsc1R2M19abENtNjQ5X09pN2xBVHh4bGNCRW9SVFBJTlJCQ2I1ajVhUEItQ1lHVkpqY0dlamM?oc=5\" target=\"_blank\" rel=\"nofollow noopener\">Tusentals str\u00f6ml\u00f6sa: \u201dBland det v\u00e4rsta vi upplevt\u201d<\/a>&nbsp;&nbsp;Omni<\/li>\n<li><a href=\"https:\/\/news.google.com\/rss\/articles\/CBMijwFBVV95cUxQM3ZzRlJQNURfZnNXcTFpakRMNEREMFpTT0h2QUx6M3RROC1aZmMxbXYzTEwxeTFYX3dFNmdRRlVaQXFSaGY5c19CUHhqZklSb19sWmRiUXE3TWtxX3lldjZtQXcyT2pTbTZZR1Ffamw1SEg3UUJub2gyb2FzZkRkbWUtenJHZ2pEdGdIRVBOdw?oc=5\" target=\"_blank\" rel=\"nofollow noopener\">L\u00e4get just nu \u2013 Inst\u00e4llda bussar och t\u00e5g<\/a>&nbsp;&nbsp;Sveriges Radio<\/li>\n<\/ol>\n","protected":false},"excerpt":{"rendered":"Tusentals hush\u00e5ll utan str\u00f6m i stormen&nbsp;&nbsp;Expressen Tallar f\u00f6ll p\u00e5 Gunnars grannes hus \u2013 nu \u00e4r de insn\u00f6ade tillsammans&nbsp;&nbsp;Aftonbladet&hellip;\n","protected":false},"author":2,"featured_media":39,"comment_status":"","ping_status":"","sticky":false,"template":"","format":"standard","meta":{"footnotes":""},"categories":[5],"tags":[22,23,26,27,17,21,24,25,28,29,15,16,18,34,31,33,32,30,19,20],"class_list":{"0":"post-123910","1":"post","2":"type-post","3":"status-publish","4":"format-standard","5":"has-post-thumbnail","7":"category-rubriker","8":"tag-breaking-news","9":"tag-breakingnews","10":"tag-featured-news","11":"tag-featurednews","12":"tag-headlines","13":"tag-huvudnyheter","14":"tag-latest-news","15":"tag-latestnews","16":"tag-main-news","17":"tag-mainnews","18":"tag-news","19":"tag-nyheter","20":"tag-rubriker","21":"tag-se","22":"tag-svenska","23":"tag-sverige","24":"tag-sweden","25":"tag-swedish","26":"tag-top-stories","27":"tag-topstories"},"share_on_mastodon":{"url":"https:\/\/pubeurope.com\/@se\/115826990981345314","error":""},"_links":{"self":[{"href":"https:\/\/www.europesays.com\/se\/wp-json\/wp\/v2\/posts\/123910","targetHints":{"allow":["GET"]}}],"collection":[{"href":"https:\/\/www.europesays.com\/se\/wp-json\/wp\/v2\/posts"}],"about":[{"href":"https:\/\/www.europesays.com\/se\/wp-json\/wp\/v2\/types\/post"}],"author":[{"embeddable":true,"href":"https:\/\/www.europesays.com\/se\/wp-json\/wp\/v2\/users\/2"}],"replies":[{"embeddable":true,"href":"https:\/\/www.europesays.com\/se\/wp-json\/wp\/v2\/comments?post=123910"}],"version-history":[{"count":0,"href":"https:\/\/www.europesays.com\/se\/wp-json\/wp\/v2\/posts\/123910\/revisions"}],"wp:featuredmedia":[{"embeddable":true,"href":"https:\/\/www.europesays.com\/se\/wp-json\/wp\/v2\/media\/39"}],"wp:attachment":[{"href":"https:\/\/www.europesays.com\/se\/wp-json\/wp\/v2\/media?parent=123910"}],"wp:term":[{"taxonomy":"category","embeddable":true,"href":"https:\/\/www.europesays.com\/se\/wp-json\/wp\/v2\/categories?post=123910"},{"taxonomy":"post_tag","embeddable":true,"href":"https:\/\/www.europesays.com\/se\/wp-json\/wp\/v2\/tags?post=123910"}],"curies":[{"name":"wp","href":"https:\/\/api.w.org\/{rel}","templated":true}]}}