{"id":123914,"date":"2026-01-02T18:53:08","date_gmt":"2026-01-02T18:53:08","guid":{"rendered":"https:\/\/www.europesays.com\/se\/123914\/"},"modified":"2026-01-02T18:53:08","modified_gmt":"2026-01-02T18:53:08","slug":"har-ar-usas-os-trupp-i-ishockey-2026","status":"publish","type":"post","link":"https:\/\/www.europesays.com\/se\/123914\/","title":{"rendered":"H\u00e4r \u00e4r USA:s OS-trupp i ishockey 2026"},"content":{"rendered":"<p><strong><a href=\"https:\/\/hockeysverige.se\/landslag\/usa\/\" rel=\"nofollow noopener\" target=\"_blank\">USA<\/a> har sl\u00e4ppt sin OS-trupp i ishockey. I den finns stj\u00e4rnor som Auston Matthews, br\u00f6derna Tkachuk och Jack Eichel \u2013 med d\u00e4r saknas ocks\u00e5 Dallas forward Jason Robertson, just nu topp-10 i NHL:s po\u00e4ngliga.<\/strong><\/p>\n<p><img loading=\"lazy\" decoding=\"async\" width=\"1024\" height=\"658\" src=\"https:\/\/www.europesays.com\/se\/wp-content\/uploads\/2026\/01\/USA-OS-trupp-i-ishockey-1024x658.webp.webp\" alt=\"\" class=\"wp-image-341021\"  \/>Brady Tkachuk tar plats i USA:s OS-trupp i ishockey \u2013 men det g\u00f6r inte Jason Robertson. <strong>Foto: <\/strong>Bildbyr\u00e5n \/ Imagn Images<\/p>\n<p>USA lyckades inte g\u00e5 hela i v\u00e4gen i fjol\u00e5rets <a href=\"https:\/\/hockeysverige.se\/4-nations-face-off\/\" rel=\"nofollow noopener\" target=\"_blank\">4 Nations Face-Off<\/a>. Det blev f\u00f6rlust efter f\u00f6rl\u00e4ngning i finalen mot Kanada efter <a href=\"https:\/\/hockeysverige.se\/spelare\/connor-mcdavid\/\" rel=\"nofollow noopener\" target=\"_blank\">Connor McDavids<\/a> \u00f6vertidsm\u00e5l. D\u00e4remot fick man en liten revansch i VM i Stockholm i maj d\u00e4r <a href=\"https:\/\/hockeysverige.se\/spelare\/tage-thompson\/\" rel=\"nofollow noopener\" target=\"_blank\">Tage Thompsons<\/a> \u00f6vertidsm\u00e5l i finalen mot Schweiz gav VM-guld.<\/p>\n<p>Nu ska amerikanerna f\u00f6rs\u00f6ka ta sitt f\u00f6rsta OS-guld p\u00e5 herrsidan sedan \u201dmiraklet i Salt Lake City\u201d 1980.<\/p>\n<p>I den trupp som general managern Bill Guerin presenterade p\u00e5 fredagen finns 21 spelare som var med i 4 Nations. De som tillkommit sedan dess \u00e4r Utah Mammoths kapten Clayton Keller, som gjorde ett mycket starkt VM i v\u00e5ras, liksom guldhj\u00e4lten Thompson fr\u00e5n Buffalo Sabres och backstj\u00e4rnan <a href=\"https:\/\/hockeysverige.se\/spelare\/quinn-hughes\/\" rel=\"nofollow noopener\" target=\"_blank\">Quinn Hughes<\/a>, Minnesota Wild, som missade fjol\u00e5rets turnering p\u00e5 grund av skada. In kommer \u00e4ven Floridas Stanley Cup-vinnande back Seth Jones.<\/p>\n<p>Jason Robertson f\u00e5r inte plats i USA:s OS-trupp<\/p>\n<p>De tv\u00e5 som f\u00f6rlorat sina platser i laget sedan sist \u00e4r New York Rangers back <a href=\"https:\/\/hockeysverige.se\/spelare\/adam-fox\/\" rel=\"nofollow noopener\" target=\"_blank\">Adam Fox<\/a>, som kritiserades h\u00e5rt efter 4 Nations, samt veteranen Chris Kreider, Anaheim Ducks.<\/p>\n<p>Det \u00e4r dock n\u00e5gra andra namn som skapat mer debatt. Inte minst Dallas Stars forward <a href=\"https:\/\/hockeysverige.se\/spelare\/jason-robertson\/\" rel=\"nofollow noopener\" target=\"_blank\">Jason Robertson<\/a> som st\u00e5tt f\u00f6r en kanons\u00e4song och ligger \u00e5tta i NHL:s po\u00e4ngliga med 48 po\u00e4ng (24+24) p\u00e5 41 matcher. En annan spelare varit f\u00f6rem\u00e5l f\u00f6r diskussioner \u00e4r <a href=\"https:\/\/hockeysverige.se\/spelare\/lane-hutson\/\" rel=\"nofollow noopener\" target=\"_blank\">Lane Hutson<\/a>, Montr\u00e9als back som vann Calder Trophy som \u00e5rets rookie i fjol och ligger delad tv\u00e5a i backarnas po\u00e4ngliga med 40 po\u00e4ng (6+34) p\u00e5 40 matcher den h\u00e4r s\u00e4songen. \u00c4ven hans lagkamrat i Montr\u00e9al, forwarden Cole Caufield, lyser med sin fr\u00e5nvaro trots 20 m\u00e5l och 40 po\u00e4ng p\u00e5 40 matcher.<\/p>\n<p>Det amerikanska laget kommer att coachas av New York Rangers huvudtr\u00e4nare Mike Sullivan. I OS-premi\u00e4ren 12 februari st\u00e4lls de mot Lettland och m\u00f6ter \u00e4ven Tyskland och Danmark i sin grupp.<\/p>\n<p>USA:s OS-trupp i ishockey 2026<\/p>\n<p>* spelare som var med i 4 Nations Face-Off<\/p>\n<p>M\u00e5lvakter<\/p>\n<p><a href=\"https:\/\/hockeysverige.se\/spelare\/connor-hellebuyck\/\" rel=\"nofollow noopener\" target=\"_blank\">Connor Hellebuyck<\/a>, Winnipeg Jets *<br \/>Jake Oettinger, Dallas Stars *<br \/>Jeremy Swayman, Boston Bruins *<\/p>\n<p>Backar<\/p>\n<p>Brock Faber, Minnesota Wild *<br \/>Noah Hanifin, Vegas Golden Knights *<br \/>Quinn Hughes, Minnesota Wild <br \/>Seth Jones, Florida Panthers <br \/>Charlie McAvoy, Boston Bruins *<br \/>Jake Sanderson, Ottawa Senators *<br \/>Jaccob Slavin, Carolina Hurricanes *<br \/>Zach Werenski, Columbus Blue Jackets *<\/p>\n<p>Forwards<\/p>\n<p>Matt Boldy, Minnesota Wild *<br \/>Kyle Connor, Winnipeg Jets *<br \/><a href=\"https:\/\/hockeysverige.se\/spelare\/jack-eichel\/\" rel=\"nofollow noopener\" target=\"_blank\">Jack Eichel<\/a>, Vegas Golden Knights *<br \/>Jake Guentzel, Tampa Bay Lightning *<br \/><a href=\"https:\/\/hockeysverige.se\/spelare\/jack-hughes\/\" rel=\"nofollow noopener\" target=\"_blank\">Jack Hughes<\/a>, New Jersey Devils *<br \/>Clayton Keller, Utah Mammoth <br \/>Dylan Larkin, Detroit Red Wings *<br \/><a href=\"https:\/\/hockeysverige.se\/spelare\/auston-matthews\/\" rel=\"nofollow noopener\" target=\"_blank\">Auston Matthews<\/a>, Toronto Maple Leafs *<br \/><a href=\"https:\/\/hockeysverige.se\/spelare\/j-t-miller\/\" rel=\"nofollow noopener\" target=\"_blank\">J.T. Miller<\/a>, New York Rangers *<br \/>Brock Nelson, Colorado Avalanche *<br \/>Tage Thompson, Buffalo Sabres<br \/><a href=\"https:\/\/hockeysverige.se\/spelare\/brady-tkachuk\/\" rel=\"nofollow noopener\" target=\"_blank\">Brady Tkachuk<\/a>, Ottawa Senators *<br \/><a href=\"https:\/\/hockeysverige.se\/spelare\/matthew-tkachuk\/\" rel=\"nofollow noopener\" target=\"_blank\">Matthew Tkachuk<\/a>, Florida Panthers *<br \/>Vincent Trocheck, New York Rangers *<\/p>\n","protected":false},"excerpt":{"rendered":"USA har sl\u00e4ppt sin OS-trupp i ishockey. I den finns stj\u00e4rnor som Auston Matthews, br\u00f6derna Tkachuk och Jack&hellip;\n","protected":false},"author":2,"featured_media":123915,"comment_status":"","ping_status":"","sticky":false,"template":"","format":"standard","meta":{"footnotes":""},"categories":[5],"tags":[22,23,26,27,17,21,24,25,28,29,15,16,18,34,133,31,33,32,30,19,20],"class_list":{"0":"post-123914","1":"post","2":"type-post","3":"status-publish","4":"format-standard","5":"has-post-thumbnail","7":"category-rubriker","8":"tag-breaking-news","9":"tag-breakingnews","10":"tag-featured-news","11":"tag-featurednews","12":"tag-headlines","13":"tag-huvudnyheter","14":"tag-latest-news","15":"tag-latestnews","16":"tag-main-news","17":"tag-mainnews","18":"tag-news","19":"tag-nyheter","20":"tag-rubriker","21":"tag-se","22":"tag-second-news","23":"tag-svenska","24":"tag-sverige","25":"tag-sweden","26":"tag-swedish","27":"tag-top-stories","28":"tag-topstories"},"share_on_mastodon":{"url":"https:\/\/pubeurope.com\/@se\/115827022443602552","error":""},"_links":{"self":[{"href":"https:\/\/www.europesays.com\/se\/wp-json\/wp\/v2\/posts\/123914","targetHints":{"allow":["GET"]}}],"collection":[{"href":"https:\/\/www.europesays.com\/se\/wp-json\/wp\/v2\/posts"}],"about":[{"href":"https:\/\/www.europesays.com\/se\/wp-json\/wp\/v2\/types\/post"}],"author":[{"embeddable":true,"href":"https:\/\/www.europesays.com\/se\/wp-json\/wp\/v2\/users\/2"}],"replies":[{"embeddable":true,"href":"https:\/\/www.europesays.com\/se\/wp-json\/wp\/v2\/comments?post=123914"}],"version-history":[{"count":0,"href":"https:\/\/www.europesays.com\/se\/wp-json\/wp\/v2\/posts\/123914\/revisions"}],"wp:featuredmedia":[{"embeddable":true,"href":"https:\/\/www.europesays.com\/se\/wp-json\/wp\/v2\/media\/123915"}],"wp:attachment":[{"href":"https:\/\/www.europesays.com\/se\/wp-json\/wp\/v2\/media?parent=123914"}],"wp:term":[{"taxonomy":"category","embeddable":true,"href":"https:\/\/www.europesays.com\/se\/wp-json\/wp\/v2\/categories?post=123914"},{"taxonomy":"post_tag","embeddable":true,"href":"https:\/\/www.europesays.com\/se\/wp-json\/wp\/v2\/tags?post=123914"}],"curies":[{"name":"wp","href":"https:\/\/api.w.org\/{rel}","templated":true}]}}