{"id":123916,"date":"2026-01-02T19:00:23","date_gmt":"2026-01-02T19:00:23","guid":{"rendered":"https:\/\/www.europesays.com\/se\/123916\/"},"modified":"2026-01-02T19:00:23","modified_gmt":"2026-01-02T19:00:23","slug":"traffpunkt-habo-for-seniorer-habo-kommun","status":"publish","type":"post","link":"https:\/\/www.europesays.com\/se\/123916\/","title":{"rendered":"Tr\u00e4ffpunkt Habo f\u00f6r seniorer | Habo kommun"},"content":{"rendered":"<p>&#13;<br \/>\n            &#13;<br \/>\n            &#13;<\/p>\n<p>                    &#13;<br \/>\n                            <img decoding=\"async\" src=\"https:\/\/www.europesays.com\/se\/wp-content\/uploads\/2026\/01\/4fa5a5de207b46278ef3add9af9dec9d.aspx.jpeg\" alt=\"Tr&#xE4;ffpunkt Habos entr&#xE9;.\"\/>&#13;<\/p>\n<p>&#13;<br \/>\n                    &#13;<br \/>\n&#13;<br \/>\nTr\u00e4ffpunkt Habo f\u00f6r seniorer \u00e4r en m\u00f6tesplats f\u00f6r alla pension\u00e4rer och ligger i centrala Habo. H\u00e4r kan du umg\u00e5s, fika eller delta i n\u00e5gon av de aktiviteter som anordnas.&#13;<br \/>\n&#13;\n                <\/p>\n<p>                \u00d6ppettider<\/p>\n<p>M\u00e5ndag-fredag klockan 10.00-13.00 med servering.<\/p>\n<p>P\u00e5 fredagar klockan 10.00-12.00 \u00e4r du som senior v\u00e4lkommen p\u00e5 v\u00e4nfika. D\u00e5 finns det alltid n\u00e5gon att fika och prata med en stund, antingen fr\u00e5n v\u00e4ntj\u00e4nst eller frivilligsamordnare.\u00a0<\/p>\n<p>Du hittar oss p\u00e5 J\u00f6nk\u00f6pingsv\u00e4gen 6A.<\/p>\n<p>Verksamheten bedrivs av frivilliga. V\u00e4lkommen att kontakta v\u00e5r frivilligsamordnare om du ocks\u00e5 vill\u00a0g\u00f6ra en insats i caf\u00e9et eller leda n\u00e5gon aktivitet.<\/p>\n<p>            &#13;<\/p>\n","protected":false},"excerpt":{"rendered":"&#13; &#13; &#13; &#13; &#13; &#13; &#13; &#13; Tr\u00e4ffpunkt Habo f\u00f6r seniorer \u00e4r en m\u00f6tesplats f\u00f6r alla pension\u00e4rer&hellip;\n","protected":false},"author":2,"featured_media":123917,"comment_status":"","ping_status":"","sticky":false,"template":"","format":"standard","meta":{"footnotes":""},"categories":[12],"tags":[22,23,26,27,17,21,24,25,28,29,15,16,18,34,31,33,32,30,19,20],"class_list":{"0":"post-123916","1":"post","2":"type-post","3":"status-publish","4":"format-standard","5":"has-post-thumbnail","7":"category-sverige","8":"tag-breaking-news","9":"tag-breakingnews","10":"tag-featured-news","11":"tag-featurednews","12":"tag-headlines","13":"tag-huvudnyheter","14":"tag-latest-news","15":"tag-latestnews","16":"tag-main-news","17":"tag-mainnews","18":"tag-news","19":"tag-nyheter","20":"tag-rubriker","21":"tag-se","22":"tag-svenska","23":"tag-sverige","24":"tag-sweden","25":"tag-swedish","26":"tag-top-stories","27":"tag-topstories"},"share_on_mastodon":{"url":"https:\/\/pubeurope.com\/@se\/115827050041531836","error":""},"_links":{"self":[{"href":"https:\/\/www.europesays.com\/se\/wp-json\/wp\/v2\/posts\/123916","targetHints":{"allow":["GET"]}}],"collection":[{"href":"https:\/\/www.europesays.com\/se\/wp-json\/wp\/v2\/posts"}],"about":[{"href":"https:\/\/www.europesays.com\/se\/wp-json\/wp\/v2\/types\/post"}],"author":[{"embeddable":true,"href":"https:\/\/www.europesays.com\/se\/wp-json\/wp\/v2\/users\/2"}],"replies":[{"embeddable":true,"href":"https:\/\/www.europesays.com\/se\/wp-json\/wp\/v2\/comments?post=123916"}],"version-history":[{"count":0,"href":"https:\/\/www.europesays.com\/se\/wp-json\/wp\/v2\/posts\/123916\/revisions"}],"wp:featuredmedia":[{"embeddable":true,"href":"https:\/\/www.europesays.com\/se\/wp-json\/wp\/v2\/media\/123917"}],"wp:attachment":[{"href":"https:\/\/www.europesays.com\/se\/wp-json\/wp\/v2\/media?parent=123916"}],"wp:term":[{"taxonomy":"category","embeddable":true,"href":"https:\/\/www.europesays.com\/se\/wp-json\/wp\/v2\/categories?post=123916"},{"taxonomy":"post_tag","embeddable":true,"href":"https:\/\/www.europesays.com\/se\/wp-json\/wp\/v2\/tags?post=123916"}],"curies":[{"name":"wp","href":"https:\/\/api.w.org\/{rel}","templated":true}]}}