{"id":123918,"date":"2026-01-02T19:01:10","date_gmt":"2026-01-02T19:01:10","guid":{"rendered":"https:\/\/www.europesays.com\/se\/123918\/"},"modified":"2026-01-02T19:01:10","modified_gmt":"2026-01-02T19:01:10","slug":"garningsmannen-kom-for-en-annons","status":"publish","type":"post","link":"https:\/\/www.europesays.com\/se\/123918\/","title":{"rendered":"G\u00e4rningsmannen kom f\u00f6r en annons"},"content":{"rendered":"<p data-testid=\"lead\" itemprop=\"description\">Misst\u00e4nkt g\u00e4rningsman kom till bostaden f\u00f6r en annons \u2022 D\u00e5det p\u00e5gick i flera timmar<\/p>\n<p class=\"sc-c25743f0-0 sc-e37c0145-2 hObFds DQgPn\"><strong>En kvinna m\u00f6rdades och hennes tv\u00e5 ton\u00e5rsd\u00f6ttrar skadades i Boden p\u00e5 juldagen.<br \/>Den misst\u00e4nkte g\u00e4rningsmannen hade kontakt med mamman, som lagt ut en annons p\u00e5 en k\u00f6p- och s\u00e4ljsida. <br \/>Det var d\u00e4rf\u00f6r han kom till bostaden p\u00e5 juldagen, uppger polisen.<br \/><\/strong><\/p>\n<p class=\"sc-c25743f0-0 sc-e37c0145-2 hObFds DQgPn\">Den 22-\u00e5rige misst\u00e4nkte g\u00e4rningsmannen sl\u00e4pptes in i bostaden vid klockan 08.30 p\u00e5 juldagen. I samband med det utsatte han mamman f\u00f6r omfattande v\u00e5ld. Sedan blev dottern utsatt f\u00f6r visst v\u00e5ld och stoppades fr\u00e5n att l\u00e4mna huset.<\/p>\n<p class=\"sc-c25743f0-0 sc-e37c0145-2 hObFds DQgPn\">Strax efter klockan 12 kom den andra dottern till hemmet. Mannen utsatte d\u00e5 \u00e4ven henne f\u00f6r omfattande v\u00e5ld. <a href=\"https:\/\/www.tv4.se\/artikel\/QSYfl7JdTZG1rUBU0XSEi\/nya-uppgifter-om-mordet-i-boden\" class=\"pcc\" target=\"_top\" rel=\"nofollow noopener\">D\u00e5det p\u00e5gick allts\u00e5 i \u00f6ver tre timmar<\/a>. <\/p>\n<p class=\"sc-c25743f0-0 sc-e37c0145-2 hObFds DQgPn\">F\u00f6rst en kort stund senare, strax efter klockan 12, anl\u00e4nde polisen till bostaden. N\u00e4r mannen skulle gripas uppstod en situation som ledde till att polisen sk\u00f6t verkanseld, och mannen dog.<\/p>\n<p>Annons p\u00e5 n\u00e4tet<\/p>\n<p class=\"sc-c25743f0-0 sc-e37c0145-2 hObFds DQgPn\">Mannen och kvinnan, som var i 55-\u00e5rs\u00e5ldern, hade haft kontakt med anledning av en annons som kvinnan lagt ut p\u00e5 en k\u00f6p- och s\u00e4ljsida p\u00e5 n\u00e4tet. \u201dDet ska ocks\u00e5 ha varit d\u00e4rf\u00f6r mannen kom till adressen p\u00e5 juldagen\u201d, skriver polisen p\u00e5 sin hemsida.<\/p>\n<p class=\"sc-c25743f0-0 sc-e37c0145-2 hObFds DQgPn\">En av d\u00f6ttrarna har sedan tidigare l\u00e4mnat sjukhuset. Den andra v\u00e5rdas fortfarande p\u00e5 sjukhus, och l\u00e4get ska vara stabilt.<\/p>\n<p class=\"sc-c25743f0-0 sc-e37c0145-2 hObFds DQgPn\">P-O Andersson, f\u00f6runders\u00f6kningsledare p\u00e5 polisen, har beskrivit d\u00e5det som en \u201dskr\u00e4ckfilm\u201d.<\/p>\n<p class=\"sc-c25743f0-0 sc-e37c0145-2 hObFds DQgPn\">Sedan tidigare har polisen uppgett att det inte finns ett klarlagt motiv till d\u00e5det. Polisen har haft viss k\u00e4nnedom om den misst\u00e4nkte mannen sedan tidigare.<\/p>\n<p class=\"sc-c25743f0-0 sc-e37c0145-2 hObFds DQgPn\">Samtidigt har mannens mamma ber\u00e4ttat f\u00f6r NSD att<a href=\"https:\/\/www.tv4.se\/artikel\/2iDXEFDLUqWDurlKJbd2mX\/mamman-till-misstaenkta-moerdaren-insag-att-han-kunde-vara-farlig\" class=\"pcc\" target=\"_top\" rel=\"nofollow noopener\"> hon larmat om att han skrivits ut fr\u00e5n psykiatrin f\u00f6r tidigt<\/a>, efter bara en dags tv\u00e5ngsv\u00e5rd, och att anh\u00f6riga f\u00f6rs\u00f6kt f\u00e5 honom inlagd en l\u00e4ngre tid.<\/p>\n<p class=\"sc-c25743f0-0 sc-e37c0145-2 hObFds DQgPn\">\u2013 Om han f\u00e5tt r\u00e4tt hj\u00e4lp och blivit inskriven p\u00e5 psykiatrin en l\u00e4ngre tid och inte blivit utskriven dagen efter, s\u00e5 hade kanske inte detta h\u00e4nt. Jag \u00e4r j\u00e4ttebesviken p\u00e5 v\u00e5rden, har hon sagt.<\/p>\n","protected":false},"excerpt":{"rendered":"Misst\u00e4nkt g\u00e4rningsman kom till bostaden f\u00f6r en annons \u2022 D\u00e5det p\u00e5gick i flera timmar En kvinna m\u00f6rdades och&hellip;\n","protected":false},"author":2,"featured_media":123919,"comment_status":"","ping_status":"","sticky":false,"template":"","format":"standard","meta":{"footnotes":""},"categories":[5],"tags":[22,23,26,27,17,21,24,25,28,29,15,16,18,34,31,33,32,30,19,20],"class_list":{"0":"post-123918","1":"post","2":"type-post","3":"status-publish","4":"format-standard","5":"has-post-thumbnail","7":"category-rubriker","8":"tag-breaking-news","9":"tag-breakingnews","10":"tag-featured-news","11":"tag-featurednews","12":"tag-headlines","13":"tag-huvudnyheter","14":"tag-latest-news","15":"tag-latestnews","16":"tag-main-news","17":"tag-mainnews","18":"tag-news","19":"tag-nyheter","20":"tag-rubriker","21":"tag-se","22":"tag-svenska","23":"tag-sverige","24":"tag-sweden","25":"tag-swedish","26":"tag-top-stories","27":"tag-topstories"},"share_on_mastodon":{"url":"https:\/\/pubeurope.com\/@se\/115827053871018988","error":""},"_links":{"self":[{"href":"https:\/\/www.europesays.com\/se\/wp-json\/wp\/v2\/posts\/123918","targetHints":{"allow":["GET"]}}],"collection":[{"href":"https:\/\/www.europesays.com\/se\/wp-json\/wp\/v2\/posts"}],"about":[{"href":"https:\/\/www.europesays.com\/se\/wp-json\/wp\/v2\/types\/post"}],"author":[{"embeddable":true,"href":"https:\/\/www.europesays.com\/se\/wp-json\/wp\/v2\/users\/2"}],"replies":[{"embeddable":true,"href":"https:\/\/www.europesays.com\/se\/wp-json\/wp\/v2\/comments?post=123918"}],"version-history":[{"count":0,"href":"https:\/\/www.europesays.com\/se\/wp-json\/wp\/v2\/posts\/123918\/revisions"}],"wp:featuredmedia":[{"embeddable":true,"href":"https:\/\/www.europesays.com\/se\/wp-json\/wp\/v2\/media\/123919"}],"wp:attachment":[{"href":"https:\/\/www.europesays.com\/se\/wp-json\/wp\/v2\/media?parent=123918"}],"wp:term":[{"taxonomy":"category","embeddable":true,"href":"https:\/\/www.europesays.com\/se\/wp-json\/wp\/v2\/categories?post=123918"},{"taxonomy":"post_tag","embeddable":true,"href":"https:\/\/www.europesays.com\/se\/wp-json\/wp\/v2\/tags?post=123918"}],"curies":[{"name":"wp","href":"https:\/\/api.w.org\/{rel}","templated":true}]}}