{"id":123922,"date":"2026-01-02T19:09:23","date_gmt":"2026-01-02T19:09:23","guid":{"rendered":"https:\/\/www.europesays.com\/se\/123922\/"},"modified":"2026-01-02T19:09:23","modified_gmt":"2026-01-02T19:09:23","slug":"en-allvarligt-skadad-nar-buss-valte-pa-e4","status":"publish","type":"post","link":"https:\/\/www.europesays.com\/se\/123922\/","title":{"rendered":"En allvarligt skadad n\u00e4r buss v\u00e4lte p\u00e5 E4"},"content":{"rendered":"<p class=\"boxtextgrotesk-root_baa6 hyperion-css-7pajle\">Uppdaterad 19.37 | Publicerad 12.54<\/p>\n<p>share-arrowDela<\/p>\n<p>unsaveSpara<\/p>\n<p>expand-left<\/p>\n<p>helsk\u00e4rm<img decoding=\"async\" class=\"image-asset hyperion-css-u06ts1\" data-test-tag=\"image-asset\" src=\"https:\/\/www.europesays.com\/se\/wp-content\/uploads\/2026\/01\/8741f879-1bb8-42ba-a77e-bece2d8baa8e.jpeg\"  alt=\"En buss har v\u00e4lt ner i diket vid E4 i L\u00f6v\u00e5nger s\u00f6der om Skellefte\u00e5. Arkivbild.\"  loading=\"eager\" fetchpriority=\"high\" style=\"aspect-ratio:1900 \/ 1321\"\/>En buss har v\u00e4lt ner i diket vid E4 i L\u00f6v\u00e5nger s\u00f6der om Skellefte\u00e5. Arkivbild. Foto: Johan Nilsson \/ TT<\/p>\n<p class=\"hyperion-css-1shl3oz\" data-test-tag=\"lead-text\">En person \u00e4r allvarligt skadad sedan en buss v\u00e4lt p\u00e5 E4 vid L\u00f6v\u00e5nger s\u00f6der om Skellefte\u00e5. Tretton andra har l\u00e4ttare skador, uppger regionen.<\/p>\n<p class=\"hyperion-css-1v9qo5x\">Regionen meddelar p\u00e5 fredagskv\u00e4llen att totalt 14 personer skadades i olyckan, varav en allvarligt, elva m\u00e5ttligt och tv\u00e5 lindrigt. Vissa f\u00f6rdes till sjukhus med ambulans, andra med hj\u00e4lp av en linjebuss som passerade olycksplatsen.<\/p>\n<p class=\"hyperion-css-1v9qo5x\">Totalt 48 personer var ombord bussen som v\u00e4lte.<\/p>\n<p class=\"hyperion-css-1v9qo5x\">Bussen \u00e4r en dubbeld\u00e4ckare och hamnade p\u00e5 sidan i diket. Tv\u00e5 personbilar hamnade i ett dike p\u00e5 andra sidan v\u00e4gen.<\/p>\n<p class=\"hyperion-css-1v9qo5x\">\u2013 Inringaren har sagt att det handlar om en bakifr\u00e5nkollision, men kan inte svara p\u00e5 vem som har k\u00f6rt p\u00e5 vem, s\u00e4ger Agnes Brandt, teamledare p\u00e5 <a data-test-tag=\"internal-link\" href=\"https:\/\/www.aftonbladet.se\/tagg\/sos-alarm\" class=\"hyperion-css-15jkft9\" rel=\"nofollow noopener\" target=\"\" aria-label=\"SOS Alarm\">SOS Alarm<\/a>.<\/p>\n<p class=\"hyperion-css-1v9qo5x\">Olyckan intr\u00e4ffade vid 12-tiden p\u00e5 fredagen och de inblandade fordonen f\u00e4rdades i s\u00f6derg\u00e5ende riktning.<\/p>\n<p class=\"hyperion-css-1v9qo5x\">Polisen utreder h\u00e4ndelsen som v\u00e5rdsl\u00f6shet i trafik. Enligt Norran var det en buss fr\u00e5n Tyskland som v\u00e4lte.<\/p>\n","protected":false},"excerpt":{"rendered":"Uppdaterad 19.37 | Publicerad 12.54 share-arrowDela unsaveSpara expand-left helsk\u00e4rmEn buss har v\u00e4lt ner i diket vid E4 i&hellip;\n","protected":false},"author":2,"featured_media":123923,"comment_status":"","ping_status":"","sticky":false,"template":"","format":"standard","meta":{"footnotes":""},"categories":[5],"tags":[22,23,26,27,17,21,24,25,28,29,15,16,18,34,31,33,32,30,19,20],"class_list":{"0":"post-123922","1":"post","2":"type-post","3":"status-publish","4":"format-standard","5":"has-post-thumbnail","7":"category-rubriker","8":"tag-breaking-news","9":"tag-breakingnews","10":"tag-featured-news","11":"tag-featurednews","12":"tag-headlines","13":"tag-huvudnyheter","14":"tag-latest-news","15":"tag-latestnews","16":"tag-main-news","17":"tag-mainnews","18":"tag-news","19":"tag-nyheter","20":"tag-rubriker","21":"tag-se","22":"tag-svenska","23":"tag-sverige","24":"tag-sweden","25":"tag-swedish","26":"tag-top-stories","27":"tag-topstories"},"share_on_mastodon":{"url":"https:\/\/pubeurope.com\/@se\/115827085419353587","error":""},"_links":{"self":[{"href":"https:\/\/www.europesays.com\/se\/wp-json\/wp\/v2\/posts\/123922","targetHints":{"allow":["GET"]}}],"collection":[{"href":"https:\/\/www.europesays.com\/se\/wp-json\/wp\/v2\/posts"}],"about":[{"href":"https:\/\/www.europesays.com\/se\/wp-json\/wp\/v2\/types\/post"}],"author":[{"embeddable":true,"href":"https:\/\/www.europesays.com\/se\/wp-json\/wp\/v2\/users\/2"}],"replies":[{"embeddable":true,"href":"https:\/\/www.europesays.com\/se\/wp-json\/wp\/v2\/comments?post=123922"}],"version-history":[{"count":0,"href":"https:\/\/www.europesays.com\/se\/wp-json\/wp\/v2\/posts\/123922\/revisions"}],"wp:featuredmedia":[{"embeddable":true,"href":"https:\/\/www.europesays.com\/se\/wp-json\/wp\/v2\/media\/123923"}],"wp:attachment":[{"href":"https:\/\/www.europesays.com\/se\/wp-json\/wp\/v2\/media?parent=123922"}],"wp:term":[{"taxonomy":"category","embeddable":true,"href":"https:\/\/www.europesays.com\/se\/wp-json\/wp\/v2\/categories?post=123922"},{"taxonomy":"post_tag","embeddable":true,"href":"https:\/\/www.europesays.com\/se\/wp-json\/wp\/v2\/tags?post=123922"}],"curies":[{"name":"wp","href":"https:\/\/api.w.org\/{rel}","templated":true}]}}