{"id":12393,"date":"2025-08-24T09:50:41","date_gmt":"2025-08-24T09:50:41","guid":{"rendered":"https:\/\/www.europesays.com\/se\/12393\/"},"modified":"2025-08-24T09:50:41","modified_gmt":"2025-08-24T09:50:41","slug":"toppchef-flaggar-for-fler-prishojningar-pa-spotify","status":"publish","type":"post","link":"https:\/\/www.europesays.com\/se\/12393\/","title":{"rendered":"Toppchef flaggar f\u00f6r fler prish\u00f6jningar p\u00e5 Spotify"},"content":{"rendered":"<p>Spotify signalerar nu att man kommer att h\u00f6ja priserna ytterligare f\u00f6r att investera i nya funktioner och f\u00f6rs\u00f6ka n\u00e5 1 miljard anv\u00e4ndare. Det s\u00e4ger den operativa chefen Alex Norstr\u00f6m till Financial Times. <\/p>\n<p>Enligt Norstr\u00f6m \u00e4r h\u00f6jda priser nu en del av Spotifys \u201dverktygsl\u00e5da\u201d, efter att de h\u00e5llits of\u00f6r\u00e4ndrade i flera \u00e5r. Tidigare i augusti meddelade streamingj\u00e4tten att de skulle h\u00f6ja priserna p\u00e5 vissa marknader fr\u00e5n och med september, n\u00e5got som v\u00e4lkomnades p\u00e5 b\u00f6rsen. <\/p>\n<p>Norstr\u00f6m menar dock att det \u00e4r viktigt att det l\u00e4ggs till v\u00e4rde f\u00f6r kunderna, samtidigt som priserna h\u00f6js. <\/p>\n<p>\u2013 I grund och botten vill vi att kunden ska vinna, s\u00e4ger han till tidningen. <\/p>\n<p>Omni \u00e4r politiskt obundna och oberoende. Vi str\u00e4var efter att ge fler perspektiv p\u00e5 nyheterna. Har du fr\u00e5gor eller synpunkter kring v\u00e5r rapportering? <a href=\"https:\/\/omni.se\/toppchef-flaggar-for-fler-prishojningar-pa-spotify\/a\/mailto:redaktion@omni.se\" class=\"ArticleActions_contactLink__W2F1M\" rel=\"nofollow noopener\" target=\"_blank\">Kontakta redaktionen<\/a><\/p>\n","protected":false},"excerpt":{"rendered":"Spotify signalerar nu att man kommer att h\u00f6ja priserna ytterligare f\u00f6r att investera i nya funktioner och f\u00f6rs\u00f6ka&hellip;\n","protected":false},"author":2,"featured_media":12394,"comment_status":"","ping_status":"","sticky":false,"template":"","format":"standard","meta":{"footnotes":""},"categories":[5],"tags":[22,23,333,26,27,17,21,334,24,25,28,29,15,16,18,34,89,1701,1702,31,33,32,30,19,20],"class_list":{"0":"post-12393","1":"post","2":"type-post","3":"status-publish","4":"format-standard","5":"has-post-thumbnail","7":"category-rubriker","8":"tag-breaking-news","9":"tag-breakingnews","10":"tag-data","11":"tag-featured-news","12":"tag-featurednews","13":"tag-headlines","14":"tag-huvudnyheter","15":"tag-it-hogteknologi","16":"tag-latest-news","17":"tag-latestnews","18":"tag-main-news","19":"tag-mainnews","20":"tag-news","21":"tag-nyheter","22":"tag-rubriker","23":"tag-se","24":"tag-spotify","25":"tag-streamat-ljud","26":"tag-streaming","27":"tag-svenska","28":"tag-sverige","29":"tag-sweden","30":"tag-swedish","31":"tag-top-stories","32":"tag-topstories"},"share_on_mastodon":{"url":"","error":""},"_links":{"self":[{"href":"https:\/\/www.europesays.com\/se\/wp-json\/wp\/v2\/posts\/12393","targetHints":{"allow":["GET"]}}],"collection":[{"href":"https:\/\/www.europesays.com\/se\/wp-json\/wp\/v2\/posts"}],"about":[{"href":"https:\/\/www.europesays.com\/se\/wp-json\/wp\/v2\/types\/post"}],"author":[{"embeddable":true,"href":"https:\/\/www.europesays.com\/se\/wp-json\/wp\/v2\/users\/2"}],"replies":[{"embeddable":true,"href":"https:\/\/www.europesays.com\/se\/wp-json\/wp\/v2\/comments?post=12393"}],"version-history":[{"count":0,"href":"https:\/\/www.europesays.com\/se\/wp-json\/wp\/v2\/posts\/12393\/revisions"}],"wp:featuredmedia":[{"embeddable":true,"href":"https:\/\/www.europesays.com\/se\/wp-json\/wp\/v2\/media\/12394"}],"wp:attachment":[{"href":"https:\/\/www.europesays.com\/se\/wp-json\/wp\/v2\/media?parent=12393"}],"wp:term":[{"taxonomy":"category","embeddable":true,"href":"https:\/\/www.europesays.com\/se\/wp-json\/wp\/v2\/categories?post=12393"},{"taxonomy":"post_tag","embeddable":true,"href":"https:\/\/www.europesays.com\/se\/wp-json\/wp\/v2\/tags?post=12393"}],"curies":[{"name":"wp","href":"https:\/\/api.w.org\/{rel}","templated":true}]}}