{"id":123930,"date":"2026-01-02T19:16:48","date_gmt":"2026-01-02T19:16:48","guid":{"rendered":"https:\/\/www.europesays.com\/se\/123930\/"},"modified":"2026-01-02T19:16:48","modified_gmt":"2026-01-02T19:16:48","slug":"morgonens-nyheter-i-stockholm-mitt-i","status":"publish","type":"post","link":"https:\/\/www.europesays.com\/se\/123930\/","title":{"rendered":"Morgonens nyheter i Stockholm | Mitt i"},"content":{"rendered":"<p class=\"text\"><a target=\"_blank\" rel=\"noopener nofollow\" href=\"https:\/\/www.mitti.se\/nyheter\/smhi-varsta-snoovadret-har-passerat-6.3.338144.42a36dbe19\">SMHI: V\u00e4rsta sn\u00f6ov\u00e4dret har passerat<\/a><\/p>\n<p class=\"text\">Delar av norra Stockholm har fortsatt gula v\u00e4dervaringar.<\/p>\n<p class=\"text\"><a target=\"_blank\" rel=\"noopener nofollow\" href=\"https:\/\/www.mitti.se\/nyheter\/storsatsning-pa-sakrare-skolvagar-i-farsta-6.3.336406.4598719654\">Storsatsning p\u00e5 s\u00e4krar skolv\u00e4gar<\/a><\/p>\n<p class=\"text\">Fler barn ska k\u00e4nna sig trygga med att g\u00e5 och cykla till skolan i Farsta \u2013 och f\u00e4rre f\u00f6r\u00e4ldrar ska skjutsa med bil.<\/p>\n<p class=\"text\"><a target=\"_blank\" rel=\"noopener nofollow\" href=\"https:\/\/www.mitti.se\/nyheter\/foraldrar-i-protest-mot-forskolans-omorganisationer-6.3.334200.010b14c485\">F\u00f6r\u00e4ldrar protesterar n\u00e4r f\u00f6rskolan omorganiseras<\/a><\/p>\n<p class=\"text\">I sommar st\u00e4nger en f\u00f6rskola i Sundbyberg. F\u00f6r\u00e4ldrar kritiserar hur det sk\u00f6tts av kommunen: Barngrupper har stuvats om och pedagoger bytts ut.<\/p>\n","protected":false},"excerpt":{"rendered":"SMHI: V\u00e4rsta sn\u00f6ov\u00e4dret har passerat Delar av norra Stockholm har fortsatt gula v\u00e4dervaringar. Storsatsning p\u00e5 s\u00e4krar skolv\u00e4gar Fler&hellip;\n","protected":false},"author":2,"featured_media":123931,"comment_status":"","ping_status":"","sticky":false,"template":"","format":"standard","meta":{"footnotes":""},"categories":[12],"tags":[22,23,26,27,17,21,24,25,28,29,15,16,18,34,31,33,32,30,19,20],"class_list":{"0":"post-123930","1":"post","2":"type-post","3":"status-publish","4":"format-standard","5":"has-post-thumbnail","7":"category-sverige","8":"tag-breaking-news","9":"tag-breakingnews","10":"tag-featured-news","11":"tag-featurednews","12":"tag-headlines","13":"tag-huvudnyheter","14":"tag-latest-news","15":"tag-latestnews","16":"tag-main-news","17":"tag-mainnews","18":"tag-news","19":"tag-nyheter","20":"tag-rubriker","21":"tag-se","22":"tag-svenska","23":"tag-sverige","24":"tag-sweden","25":"tag-swedish","26":"tag-top-stories","27":"tag-topstories"},"share_on_mastodon":{"url":"https:\/\/pubeurope.com\/@se\/115827116804388924","error":""},"_links":{"self":[{"href":"https:\/\/www.europesays.com\/se\/wp-json\/wp\/v2\/posts\/123930","targetHints":{"allow":["GET"]}}],"collection":[{"href":"https:\/\/www.europesays.com\/se\/wp-json\/wp\/v2\/posts"}],"about":[{"href":"https:\/\/www.europesays.com\/se\/wp-json\/wp\/v2\/types\/post"}],"author":[{"embeddable":true,"href":"https:\/\/www.europesays.com\/se\/wp-json\/wp\/v2\/users\/2"}],"replies":[{"embeddable":true,"href":"https:\/\/www.europesays.com\/se\/wp-json\/wp\/v2\/comments?post=123930"}],"version-history":[{"count":0,"href":"https:\/\/www.europesays.com\/se\/wp-json\/wp\/v2\/posts\/123930\/revisions"}],"wp:featuredmedia":[{"embeddable":true,"href":"https:\/\/www.europesays.com\/se\/wp-json\/wp\/v2\/media\/123931"}],"wp:attachment":[{"href":"https:\/\/www.europesays.com\/se\/wp-json\/wp\/v2\/media?parent=123930"}],"wp:term":[{"taxonomy":"category","embeddable":true,"href":"https:\/\/www.europesays.com\/se\/wp-json\/wp\/v2\/categories?post=123930"},{"taxonomy":"post_tag","embeddable":true,"href":"https:\/\/www.europesays.com\/se\/wp-json\/wp\/v2\/tags?post=123930"}],"curies":[{"name":"wp","href":"https:\/\/api.w.org\/{rel}","templated":true}]}}