{"id":123936,"date":"2026-01-02T19:26:36","date_gmt":"2026-01-02T19:26:36","guid":{"rendered":"https:\/\/www.europesays.com\/se\/123936\/"},"modified":"2026-01-02T19:26:36","modified_gmt":"2026-01-02T19:26:36","slug":"mordade-kvinnans-familj-sprid-inte-bilder","status":"publish","type":"post","link":"https:\/\/www.europesays.com\/se\/123936\/","title":{"rendered":"M\u00f6rdade kvinnans familj: \u201dSprid inte bilder\u201d"},"content":{"rendered":"<p class=\"sc-c25743f0-0 sc-e37c0145-2 hObFds DQgPn\">Den unga kvinnan kidnappades i R\u00f6nninge i Salem natten mot annandagen och hittades dagen efter d\u00f6d. En 26-\u00e5rig person misst\u00e4nks ha m\u00f6rdat kvinnan och har h\u00e4ktats p\u00e5 sannolika sk\u00e4l misst\u00e4nkt f\u00f6r mord och grovt gravfridsbrott.<\/p>\n<p class=\"sc-c25743f0-0 sc-e37c0145-2 hObFds DQgPn\">H\u00e4ndelsen har v\u00e4ckt stor uppm\u00e4rksamhet och nu v\u00e4djar familjen om att bli l\u00e4mnade i fred.<\/p>\n<p class=\"sc-c25743f0-0 sc-e37c0145-2 hObFds DQgPn\">Via ett ombud till familjen skriver de till TT att de tackar f\u00f6r den v\u00e4rme, omtanke och fina initiativ som s\u00e5 s\u00e5 m\u00e5nga har visat. \u201dSt\u00f6det betyder mycket f\u00f6r oss\u201d.<\/p>\n<p class=\"sc-c25743f0-0 sc-e37c0145-2 hObFds DQgPn\">Men familjen skriver ocks\u00e5 att de nu beh\u00f6ver tid och eget utrymme. Och att de d\u00e4rf\u00f6r inte kommer att kommentera h\u00e4ndelsen eller eventuella nya uppgifter.<\/p>\n<p class=\"sc-c25743f0-0 sc-e37c0145-2 hObFds DQgPn\">\u201dVi ber medier och allm\u00e4nhet att visa f\u00f6rst\u00e5else och respektera v\u00e5r integritet genom att avst\u00e5 fr\u00e5n att publicera eller sprida bilder, namn eller andra personliga uppgifter om v\u00e5r dotter och \u00f6vriga familjemedlemmar\u201d.<\/p>\n","protected":false},"excerpt":{"rendered":"Den unga kvinnan kidnappades i R\u00f6nninge i Salem natten mot annandagen och hittades dagen efter d\u00f6d. En 26-\u00e5rig&hellip;\n","protected":false},"author":2,"featured_media":123937,"comment_status":"","ping_status":"","sticky":false,"template":"","format":"standard","meta":{"footnotes":""},"categories":[12],"tags":[22,23,26,27,17,21,24,25,28,29,15,16,18,34,31,33,32,30,19,20],"class_list":{"0":"post-123936","1":"post","2":"type-post","3":"status-publish","4":"format-standard","5":"has-post-thumbnail","7":"category-sverige","8":"tag-breaking-news","9":"tag-breakingnews","10":"tag-featured-news","11":"tag-featurednews","12":"tag-headlines","13":"tag-huvudnyheter","14":"tag-latest-news","15":"tag-latestnews","16":"tag-main-news","17":"tag-mainnews","18":"tag-news","19":"tag-nyheter","20":"tag-rubriker","21":"tag-se","22":"tag-svenska","23":"tag-sverige","24":"tag-sweden","25":"tag-swedish","26":"tag-top-stories","27":"tag-topstories"},"share_on_mastodon":{"url":"https:\/\/pubeurope.com\/@se\/115827152180932563","error":""},"_links":{"self":[{"href":"https:\/\/www.europesays.com\/se\/wp-json\/wp\/v2\/posts\/123936","targetHints":{"allow":["GET"]}}],"collection":[{"href":"https:\/\/www.europesays.com\/se\/wp-json\/wp\/v2\/posts"}],"about":[{"href":"https:\/\/www.europesays.com\/se\/wp-json\/wp\/v2\/types\/post"}],"author":[{"embeddable":true,"href":"https:\/\/www.europesays.com\/se\/wp-json\/wp\/v2\/users\/2"}],"replies":[{"embeddable":true,"href":"https:\/\/www.europesays.com\/se\/wp-json\/wp\/v2\/comments?post=123936"}],"version-history":[{"count":0,"href":"https:\/\/www.europesays.com\/se\/wp-json\/wp\/v2\/posts\/123936\/revisions"}],"wp:featuredmedia":[{"embeddable":true,"href":"https:\/\/www.europesays.com\/se\/wp-json\/wp\/v2\/media\/123937"}],"wp:attachment":[{"href":"https:\/\/www.europesays.com\/se\/wp-json\/wp\/v2\/media?parent=123936"}],"wp:term":[{"taxonomy":"category","embeddable":true,"href":"https:\/\/www.europesays.com\/se\/wp-json\/wp\/v2\/categories?post=123936"},{"taxonomy":"post_tag","embeddable":true,"href":"https:\/\/www.europesays.com\/se\/wp-json\/wp\/v2\/tags?post=123936"}],"curies":[{"name":"wp","href":"https:\/\/api.w.org\/{rel}","templated":true}]}}