{"id":123940,"date":"2026-01-02T19:30:17","date_gmt":"2026-01-02T19:30:17","guid":{"rendered":"https:\/\/www.europesays.com\/se\/123940\/"},"modified":"2026-01-02T19:30:17","modified_gmt":"2026-01-02T19:30:17","slug":"jonna-bergh-valjer-en-jeanslook-for-2026","status":"publish","type":"post","link":"https:\/\/www.europesays.com\/se\/123940\/","title":{"rendered":"Jonna Bergh v\u00e4ljer en jeanslook f\u00f6r 2026"},"content":{"rendered":"<p>Publicerad 2 jan 2026 kl 13.42<\/p>\n<p>Upptagen? Shoppingsugen? R\u00e5dvill? D\u00e5 ska du titta hit: Damernas V\u00e4rlds chefredakt\u00f6r Jonna Bergh v\u00e4ljer ut sex k\u00f6p som har alla r\u00e4tt.<\/p>\n<p><img   alt=\"Damernas V\u00e4rlds chefredakt\u00f6r Jonna Bergh har valt veckans look.\"\/><\/p>\n<p>Damernas V\u00e4rlds chefredakt\u00f6r Jonna Bergh har valt veckans look. Foto: Patricia Reyes<\/p>\n<p>Dela artikel<\/p>\n<p>Kopiera l\u00e4nk<\/p>\n<p>L\u00e4nk kopierad<\/p>\n<blockquote><p>En klassisk look med jeans och kavaj f\u00e5r nytt liv med blommig topp och surrealistiska sandaletter. En underbar shearlingp\u00e4ls \u00e4r det lyxiga ytterplagget som g\u00f6r min vinter extremt elegant.<\/p><\/blockquote>\n<p>Ljusbl\u00e5 kavaj fr\u00e5n Malina<img loading=\"lazy\"   alt=\"Ljusbl\u00e5 kavaj fr\u00e5n Malina.\"\/><\/p>\n<p>Ljusbl\u00e5 kavaj fr\u00e5n Malina. <\/p>\n<p>En kavaj som har den r\u00e4tta timglasformen samtidigt som detaljen med ett slag \u00e4r kul. Finns i flera f\u00e4rger, men jag har fastnat f\u00f6r den ljust bl\u00e5.<\/p>\n<p><strong>ANNONS: <\/strong><a href=\"https:\/\/c.klarna.com\/al\/HzmN\/\" data-click-url=\"https:\/\/c.klarna.com\/al\/HzmN\/\" data-t-type=\"custom-active\" data-t-label=\"https:\/\/c.klarna.com\/al\/HzmN\/\" rel=\"sponsored nofollow noopener\" data-t-category=\"outbound clicks\" class=\"js-ct\" target=\"_blank\"><strong>K\u00f6p h\u00e4r (l\u00e4nk till By Malina)<\/strong><\/a><strong>\u00a0<\/strong><\/p>\n<p>Vida jeans fr\u00e5n Toteme<img loading=\"lazy\"   alt=\"Vida jeans fr\u00e5n Toteme.\"\/><\/p>\n<p>Vida jeans fr\u00e5n Toteme. <\/p>\n<p>F\u00f6r en jeanslook \u00e5t det elegantare h\u00e5llet.\u00a0<\/p>\n<p><strong>ANNONS: <\/strong><a href=\"https:\/\/www.tkqlhce.com\/click-101291452-17097601?url=https%3A%2F%2Fse.toteme.com%2Fproducts%2Fwide-leg-denim-dk-blue\" data-click-url=\"https:\/\/www.tkqlhce.com\/click-101291452-17097601?url=https%3A%2F%2Fse.toteme.com%2Fproducts%2Fwide-leg-denim-dk-blue\" data-t-type=\"custom-active\" data-t-label=\"https:\/\/www.tkqlhce.com\/click-101291452-17097601?url=https%3A%2F%2Fse.toteme.com%2Fproducts%2Fwide-leg-denim-dk-blue\" rel=\"sponsored nofollow noopener\" data-t-category=\"outbound clicks\" class=\"js-ct\" target=\"_blank\"><strong>K\u00f6p h\u00e4r (l\u00e4nk till Toteme)<\/strong><\/a><strong>\u00a0<\/strong><\/p>\n<p>Blommig topp fr\u00e5n &amp; Other Stories<img loading=\"lazy\"   alt=\"Blommig topp fr\u00e5n &amp; Other Stories.\"\/><\/p>\n<p>Blommig topp fr\u00e5n &amp; Other Stories. <\/p>\n<p>Den h\u00e4r typen av tunna polotr\u00f6jor \u00e4r det sv\u00e5rt att ha f\u00f6r m\u00e5nga av, de \u00e4r s\u00e5 bra att b\u00e4ra under kavajer och tr\u00f6jor. Bl\u00e5 blommor mot svart botten \u00e4r alltid en bra id\u00e9.\u00a0<\/p>\n<p><strong>ANNONS:<\/strong><a href=\"https:\/\/c.klarna.com\/al\/Hzmf\/\" data-click-url=\"https:\/\/c.klarna.com\/al\/Hzmf\/\" data-t-type=\"custom-active\" data-t-label=\"https:\/\/c.klarna.com\/al\/Hzmf\/\" rel=\"sponsored nofollow noopener\" data-t-category=\"outbound clicks\" class=\"js-ct\" target=\"_blank\"><strong> K\u00f6p h\u00e4r (l\u00e4nk till &amp; Other Stories)<\/strong><\/a><\/p>\n<p>Vita sandaletter fr\u00e5n Cult Gaia<img loading=\"lazy\"   alt=\"Vita sandaletter fr\u00e5n Cult Gaia.\"\/><\/p>\n<p>Vita sandaletter fr\u00e5n Cult Gaia. <\/p>\n<p>Jag \u00e4r tokig i de h\u00e4r vita sandaletterna med en druvklase som klack. De finns faktiskt i flera olika f\u00e4rgst\u00e4llningar, och hur roliga \u00e4r de inte? En konversationsstartare mist sagt.\u00a0<\/p>\n<p><strong>ANNONS: <\/strong><a href=\"https:\/\/c.klarna.com\/al\/Hzmi\/\" data-click-url=\"https:\/\/c.klarna.com\/al\/Hzmi\/\" data-t-type=\"custom-active\" data-t-label=\"https:\/\/c.klarna.com\/al\/Hzmi\/\" rel=\"sponsored nofollow noopener\" data-t-category=\"outbound clicks\" class=\"js-ct\" target=\"_blank\"><strong>K\u00f6p h\u00e4r (l\u00e4nk till Net a Porter)<\/strong><\/a><\/p>\n<p>R\u00f6d v\u00e4ska fr\u00e5n Our Legacy<img loading=\"lazy\"   alt=\"V\u00e4ska fr\u00e5n Our Legacy.\"\/><\/p>\n<p>V\u00e4ska fr\u00e5n Our Legacy. <\/p>\n<p>N\u00e4tv\u00e4ska, fast\u00e4n \u00e4nnu snyggare. N\u00e4r Our Legacy g\u00f6r n\u00e5got s\u00e5 blir det n\u00e4stan alltid bra.<a href=\"https:\/\/www.ourlegacy.com\/media-cut-bag-shifting-red-gritty-bull-hide\" data-click-url=\"https:\/\/www.ourlegacy.com\/media-cut-bag-shifting-red-gritty-bull-hide\" data-t-type=\"custom-active\" data-t-label=\"https:\/\/www.ourlegacy.com\/media-cut-bag-shifting-red-gritty-bull-hide\" rel=\"sponsored nofollow noopener\" data-t-category=\"outbound clicks\" class=\"js-ct\" target=\"_blank\"> <strong>S\u00e4ljs h\u00e4r (l\u00e4nk till Our Legacy)<\/strong><\/a><strong>.<\/strong><\/p>\n<p>Svart shearlingkappa fr\u00e5n Arket<img loading=\"lazy\"   alt=\"Svart shearlingkappa fr\u00e5n Arket.\"\/><\/p>\n<p>Svart shearlingkappa fr\u00e5n Arket. <\/p>\n<p>F\u00f6r alla oss som har en ganska basic vinterstil \u2013\u00a0den h\u00e4r kappan g\u00f6r hela din vinter s\u00e5 mycket stils\u00e4krare och lyxigare. Oavsett vad du b\u00e4r den till s\u00e5 blir det snyggt.\u00a0<\/p>\n<p><strong>ANNONS: <\/strong><a href=\"https:\/\/c.klarna.com\/al\/Hzmt\/\" data-click-url=\"https:\/\/c.klarna.com\/al\/Hzmt\/\" data-t-type=\"custom-active\" data-t-label=\"https:\/\/c.klarna.com\/al\/Hzmt\/\" rel=\"sponsored nofollow noopener\" data-t-category=\"outbound clicks\" class=\"js-ct\" target=\"_blank\"><strong>K\u00f6p h\u00e4r (l\u00e4nk till Arket)<\/strong><\/a><strong>\u00a0<\/strong><\/p>\n<p><strong>L\u00c4S MER<\/strong><a href=\"https:\/\/damernasvarld.expressen.se\/mode\/chefredaktoren-storslaget-och-avskalat-i-en-enda-look\/\" data-click-url=\"https:\/\/damernasvarld.expressen.se\/mode\/chefredaktoren-storslaget-och-avskalat-i-en-enda-look\/\" data-t-type=\"c-t\" data-t-label=\"bodyText-link\" class=\"js-ct\" rel=\"nofollow noopener\" target=\"_blank\"><strong> Fler shoppingtips fr\u00e5n chefredakt\u00f6r Jonna Bergh<\/strong><\/a><strong><br \/>L\u00c4S MER <\/strong><a href=\"https:\/\/damernasvarld.expressen.se\/skonhet\/smink\/alltid-ratt-med-rott-lappstift-tips-pa-9-snygga-och-klassiska-roda-lappstift-och-hur-da-malar-lapparna-bast-\/\" data-click-url=\"https:\/\/damernasvarld.expressen.se\/skonhet\/smink\/alltid-ratt-med-rott-lappstift-tips-pa-9-snygga-och-klassiska-roda-lappstift-och-hur-da-malar-lapparna-bast-\/\" data-t-type=\"c-t\" data-t-label=\"bodyText-link\" class=\"js-ct\" rel=\"nofollow noopener\" target=\"_blank\"><strong>11 r\u00f6da l\u00e4ppstift \u2013 v\u00e5ra favoriter (och hur du f\u00e5r det att sitta!)<\/strong><\/a><\/p>\n","protected":false},"excerpt":{"rendered":"Publicerad 2 jan 2026 kl 13.42 Upptagen? Shoppingsugen? R\u00e5dvill? D\u00e5 ska du titta hit: Damernas V\u00e4rlds chefredakt\u00f6r Jonna&hellip;\n","protected":false},"author":2,"featured_media":123941,"comment_status":"","ping_status":"","sticky":false,"template":"","format":"standard","meta":{"footnotes":""},"categories":[67],"tags":[104,34,1225,31,33,32,30,105],"class_list":{"0":"post-123940","1":"post","2":"type-post","3":"status-publish","4":"format-standard","5":"has-post-thumbnail","7":"category-underhallning","8":"tag-entertainment","9":"tag-se","10":"tag-sections-mode","11":"tag-svenska","12":"tag-sverige","13":"tag-sweden","14":"tag-swedish","15":"tag-underhallning"},"share_on_mastodon":{"url":"https:\/\/pubeurope.com\/@se\/115827167866202006","error":""},"_links":{"self":[{"href":"https:\/\/www.europesays.com\/se\/wp-json\/wp\/v2\/posts\/123940","targetHints":{"allow":["GET"]}}],"collection":[{"href":"https:\/\/www.europesays.com\/se\/wp-json\/wp\/v2\/posts"}],"about":[{"href":"https:\/\/www.europesays.com\/se\/wp-json\/wp\/v2\/types\/post"}],"author":[{"embeddable":true,"href":"https:\/\/www.europesays.com\/se\/wp-json\/wp\/v2\/users\/2"}],"replies":[{"embeddable":true,"href":"https:\/\/www.europesays.com\/se\/wp-json\/wp\/v2\/comments?post=123940"}],"version-history":[{"count":0,"href":"https:\/\/www.europesays.com\/se\/wp-json\/wp\/v2\/posts\/123940\/revisions"}],"wp:featuredmedia":[{"embeddable":true,"href":"https:\/\/www.europesays.com\/se\/wp-json\/wp\/v2\/media\/123941"}],"wp:attachment":[{"href":"https:\/\/www.europesays.com\/se\/wp-json\/wp\/v2\/media?parent=123940"}],"wp:term":[{"taxonomy":"category","embeddable":true,"href":"https:\/\/www.europesays.com\/se\/wp-json\/wp\/v2\/categories?post=123940"},{"taxonomy":"post_tag","embeddable":true,"href":"https:\/\/www.europesays.com\/se\/wp-json\/wp\/v2\/tags?post=123940"}],"curies":[{"name":"wp","href":"https:\/\/api.w.org\/{rel}","templated":true}]}}