{"id":123944,"date":"2026-01-02T19:34:13","date_gmt":"2026-01-02T19:34:13","guid":{"rendered":"https:\/\/www.europesays.com\/se\/123944\/"},"modified":"2026-01-02T19:34:13","modified_gmt":"2026-01-02T19:34:13","slug":"trygghetspunkter-oppnas-i-ljusne-och-holmsveden","status":"publish","type":"post","link":"https:\/\/www.europesays.com\/se\/123944\/","title":{"rendered":"Trygghetspunkter \u00f6ppnas i Ljusne och Holmsveden"},"content":{"rendered":"<p class=\"font-normal\">Det \u00e4r fortsatt problem med str\u00f6mf\u00f6rs\u00f6rjningen ute i kommundelar, d\u00e4rf\u00f6r \u00f6ppnar tv\u00e5 nya trygghetspunkter dit beh\u00f6vande kan v\u00e4nda sig f\u00f6r till exempel vatten, v\u00e4rme och laddning av telefoner.<\/p>\n<p class=\"font-normal\"><strong>De tv\u00e5 trygghetspunkterna och vad de kan erbjuda: <\/strong><\/p>\n<ul class=\" env-text-list font-normal\">\n<li><strong>Ljusne Folkets hus<\/strong> &#8211; adress: <a href=\"https:\/\/maps.app.goo.gl\/xqTQZXsWrMChiZVD8\" rel=\"nofollow noopener\" target=\"_blank\">Granv\u00e4gen 1 L\u00e4nk till annan webbplats.<\/a>: \u00d6ppet fr\u00e5n fredag 2 januari. H\u00e4r finns toalett, v\u00e4rme, vatten, laddning av telefoner, m\u00f6jlighet att v\u00e4rma mat, dusch. Lokalen \u00e4r bemannad. \u00d6ppet kl 18-21 fredag 2 januari. \u00d6ppet l\u00f6rdag fr\u00e5n kl 07 och fram\u00e5t.<\/li>\n<li><strong>Idrottsg\u00e5rden Holmsveden<\/strong> &#8211; Adress: <a href=\"https:\/\/maps.app.goo.gl\/pmp1auZNknXkjgju7\" rel=\"nofollow noopener\" target=\"_blank\">Lokalbacken 11 L\u00e4nk till annan webbplats.<\/a>: H\u00e4r finns toalett, v\u00e4rme, vatten, laddning av telefoner, m\u00f6jlighet att v\u00e4rma mat, dusch. Lokalen \u00e4r bemannad. \u00d6ppet kl 18-21 fredag 2 januari. \u00d6ppet l\u00f6rdag fr\u00e5n kl 07 och fram\u00e5t.<\/li>\n<\/ul>\n<p class=\"font-normal\">Trygghetspunkter \u00e4r \u00f6ppna sedan 2 januari <a href=\"https:\/\/www.soderhamn.se\/sidor\/arkiv\/nyhetsarkiv\/nyheter\/2026-01-02-trygghetspunkter-oppnas-i-mo-och-stratjara.html\" rel=\"nofollow noopener\" target=\"_blank\">\u00e4ven i Str\u00e5tj\u00e4ra och Mo. <\/a><\/p>\n<p class=\"font-normal\"><a href=\"https:\/\/www.soderhamn.se\/sidor\/arkiv\/nyhetsarkiv\/nyheter\/2025-12-31-trygghetspunkt-i-trono-fortsatt-oppen-under-nyarshelgen.html\" rel=\"nofollow noopener\" target=\"_blank\">Trygghetspunkten i Tr\u00f6n\u00f6<\/a> som varit \u00f6ppen sedan 29 december forts\u00e4tter h\u00e5lla \u00f6ppet fram till kl. 20.00 den 2 januari samt under helgen 07-20 l\u00f6rdag och s\u00f6ndag.<\/p>\n<p class=\"font-normal\">Tack till alla som g\u00f6r det m\u00f6jligt!<\/p>\n<p class=\"font-normal\"><strong>L\u00e4s mer: <\/strong><a href=\"https:\/\/www.soderhamn.se\/sidor\/arkiv\/nyhetsarkiv\/nyheter\/2026-01-01-krisledningsstab-aktiverad---det-har-gor-kommunen-just-nu.html\" rel=\"nofollow noopener\" target=\"_blank\">Det h\u00e4r g\u00f6r kommunen just nu<\/a><\/p>\n","protected":false},"excerpt":{"rendered":"Det \u00e4r fortsatt problem med str\u00f6mf\u00f6rs\u00f6rjningen ute i kommundelar, d\u00e4rf\u00f6r \u00f6ppnar tv\u00e5 nya trygghetspunkter dit beh\u00f6vande kan v\u00e4nda&hellip;\n","protected":false},"author":2,"featured_media":123945,"comment_status":"","ping_status":"","sticky":false,"template":"","format":"standard","meta":{"footnotes":""},"categories":[12],"tags":[22,23,26,27,17,21,24,25,28,29,15,16,18,34,31,33,32,30,19,20],"class_list":{"0":"post-123944","1":"post","2":"type-post","3":"status-publish","4":"format-standard","5":"has-post-thumbnail","7":"category-sverige","8":"tag-breaking-news","9":"tag-breakingnews","10":"tag-featured-news","11":"tag-featurednews","12":"tag-headlines","13":"tag-huvudnyheter","14":"tag-latest-news","15":"tag-latestnews","16":"tag-main-news","17":"tag-mainnews","18":"tag-news","19":"tag-nyheter","20":"tag-rubriker","21":"tag-se","22":"tag-svenska","23":"tag-sverige","24":"tag-sweden","25":"tag-swedish","26":"tag-top-stories","27":"tag-topstories"},"share_on_mastodon":{"url":"https:\/\/pubeurope.com\/@se\/115827183728920341","error":""},"_links":{"self":[{"href":"https:\/\/www.europesays.com\/se\/wp-json\/wp\/v2\/posts\/123944","targetHints":{"allow":["GET"]}}],"collection":[{"href":"https:\/\/www.europesays.com\/se\/wp-json\/wp\/v2\/posts"}],"about":[{"href":"https:\/\/www.europesays.com\/se\/wp-json\/wp\/v2\/types\/post"}],"author":[{"embeddable":true,"href":"https:\/\/www.europesays.com\/se\/wp-json\/wp\/v2\/users\/2"}],"replies":[{"embeddable":true,"href":"https:\/\/www.europesays.com\/se\/wp-json\/wp\/v2\/comments?post=123944"}],"version-history":[{"count":0,"href":"https:\/\/www.europesays.com\/se\/wp-json\/wp\/v2\/posts\/123944\/revisions"}],"wp:featuredmedia":[{"embeddable":true,"href":"https:\/\/www.europesays.com\/se\/wp-json\/wp\/v2\/media\/123945"}],"wp:attachment":[{"href":"https:\/\/www.europesays.com\/se\/wp-json\/wp\/v2\/media?parent=123944"}],"wp:term":[{"taxonomy":"category","embeddable":true,"href":"https:\/\/www.europesays.com\/se\/wp-json\/wp\/v2\/categories?post=123944"},{"taxonomy":"post_tag","embeddable":true,"href":"https:\/\/www.europesays.com\/se\/wp-json\/wp\/v2\/tags?post=123944"}],"curies":[{"name":"wp","href":"https:\/\/api.w.org\/{rel}","templated":true}]}}