{"id":123946,"date":"2026-01-02T19:35:26","date_gmt":"2026-01-02T19:35:26","guid":{"rendered":"https:\/\/www.europesays.com\/se\/123946\/"},"modified":"2026-01-02T19:35:26","modified_gmt":"2026-01-02T19:35:26","slug":"metz-tahirys-dos-santos-svart-skadad-i-schweiziska-brandtragedin-ligue-1","status":"publish","type":"post","link":"https:\/\/www.europesays.com\/se\/123946\/","title":{"rendered":"Metz Tahirys Dos Santos sv\u00e5rt skadad i schweiziska brandtragedin &#8211; Ligue 1"},"content":{"rendered":"<p>Det var under ny\u00e5rsnatten som en brand br\u00f6t ut p\u00e5 en bar i den schweiziska alporten Crans-Montana.<\/p>\n<p>Minst ett 40-tal m\u00e4nniskor \u00e4r bekr\u00e4ftat d\u00f6da, samtidigt som \u00f6ver 100 \u00e4r skadade, varav m\u00e5nga allvarligt, till f\u00f6ljd av den katastrofala h\u00e4ndelsen.<\/p>\n<p>Nu bekr\u00e4ftar Ligue 1-klubben Metz att en av klubbens spelare, 19-\u00e5rige Tahirys Dos Santos, befann sig p\u00e5 platsen och \u00e4r allvarligt skadad. <\/p>\n<p>&#8221;FC Metz \u00e4r djupt ledsna att meddela att Tahirys Dos Santos, en ungdomsspelare f\u00f6r klubben ursprungligen fr\u00e5n Mont-Saint-Martin, skadades i branden som intr\u00e4ffade i Crans-Montana, Schweiz, p\u00e5 ny\u00e5rsafton. Den 19-\u00e5rige spelaren \u00e4r sv\u00e5rt br\u00e4nnskadad och f\u00f6rdes med helikopter till Tyskland, d\u00e4r han f\u00f6r n\u00e4rvarande f\u00e5r v\u00e5rd&#8221;, skriver klubben i ett uttalande och forts\u00e4tter:<\/p>\n<p>&#8221;Klubbens ledning, spelare, tr\u00e4nare och personal \u00e4r djupt ber\u00f6rda av dessa nyheter och \u00e4r i chock. Klubben framf\u00f6r ocks\u00e5 sina djupaste kondoleanser till Tahirys familj under denna sv\u00e5ra tid&#8221;. <\/p>\n<p>Tahirys Dos Santos har under h\u00f6sten tillh\u00f6rt Metz reservlag men \u00e4ven varit med i matchtrupper f\u00f6r A-laget. <\/p>\n","protected":false},"excerpt":{"rendered":"Det var under ny\u00e5rsnatten som en brand br\u00f6t ut p\u00e5 en bar i den schweiziska alporten Crans-Montana. Minst&hellip;\n","protected":false},"author":2,"featured_media":123947,"comment_status":"","ping_status":"","sticky":false,"template":"","format":"standard","meta":{"footnotes":""},"categories":[5],"tags":[22,23,26,27,17,21,24,25,28,29,15,16,18,34,31,33,32,30,19,20],"class_list":{"0":"post-123946","1":"post","2":"type-post","3":"status-publish","4":"format-standard","5":"has-post-thumbnail","7":"category-rubriker","8":"tag-breaking-news","9":"tag-breakingnews","10":"tag-featured-news","11":"tag-featurednews","12":"tag-headlines","13":"tag-huvudnyheter","14":"tag-latest-news","15":"tag-latestnews","16":"tag-main-news","17":"tag-mainnews","18":"tag-news","19":"tag-nyheter","20":"tag-rubriker","21":"tag-se","22":"tag-svenska","23":"tag-sverige","24":"tag-sweden","25":"tag-swedish","26":"tag-top-stories","27":"tag-topstories"},"share_on_mastodon":{"url":"https:\/\/pubeurope.com\/@se\/115827187594517914","error":""},"_links":{"self":[{"href":"https:\/\/www.europesays.com\/se\/wp-json\/wp\/v2\/posts\/123946","targetHints":{"allow":["GET"]}}],"collection":[{"href":"https:\/\/www.europesays.com\/se\/wp-json\/wp\/v2\/posts"}],"about":[{"href":"https:\/\/www.europesays.com\/se\/wp-json\/wp\/v2\/types\/post"}],"author":[{"embeddable":true,"href":"https:\/\/www.europesays.com\/se\/wp-json\/wp\/v2\/users\/2"}],"replies":[{"embeddable":true,"href":"https:\/\/www.europesays.com\/se\/wp-json\/wp\/v2\/comments?post=123946"}],"version-history":[{"count":0,"href":"https:\/\/www.europesays.com\/se\/wp-json\/wp\/v2\/posts\/123946\/revisions"}],"wp:featuredmedia":[{"embeddable":true,"href":"https:\/\/www.europesays.com\/se\/wp-json\/wp\/v2\/media\/123947"}],"wp:attachment":[{"href":"https:\/\/www.europesays.com\/se\/wp-json\/wp\/v2\/media?parent=123946"}],"wp:term":[{"taxonomy":"category","embeddable":true,"href":"https:\/\/www.europesays.com\/se\/wp-json\/wp\/v2\/categories?post=123946"},{"taxonomy":"post_tag","embeddable":true,"href":"https:\/\/www.europesays.com\/se\/wp-json\/wp\/v2\/tags?post=123946"}],"curies":[{"name":"wp","href":"https:\/\/api.w.org\/{rel}","templated":true}]}}