{"id":123954,"date":"2026-01-02T19:42:10","date_gmt":"2026-01-02T19:42:10","guid":{"rendered":"https:\/\/www.europesays.com\/se\/123954\/"},"modified":"2026-01-02T19:42:10","modified_gmt":"2026-01-02T19:42:10","slug":"tre-veckors-morker-over-i-kiruna-mot-ljusare-tider","status":"publish","type":"post","link":"https:\/\/www.europesays.com\/se\/123954\/","title":{"rendered":"Tre veckors m\u00f6rker \u00f6ver i Kiruna: \u201dMot ljusare tider\u201d"},"content":{"rendered":"<p>Klockan 11.19 i dag steg solen \u00f6ver Kirunas horisont och med det var den tre veckor l\u00e5nga polarnatten \u00f6ver, rapporterar SVT Norrbotten. <\/p>\n<p>Kirunabon Lars-G\u00f6ran Larsson s\u00e4ger till kanalen att det i vinter har varit en bra polarnatt, men att det \u00e4r en fin k\u00e4nsla att solen \u00e4r tillbaka. <\/p>\n<p>\u2013 Vi g\u00e5r mot ljusare tider, s\u00e4ger han. <\/p>\n<p>Polarnatt \u00e4r den period p\u00e5 \u00e5ret d\u00e5 solen inte alls g\u00e5r upp \u00f6ver horisonten n\u00e4ra polerna. I Kiruna inneb\u00e4r det m\u00f6rker fr\u00e5n 11 december till i dag, d\u00e5 solen var uppe i 44 minuter. \u00c4nnu l\u00e4ngre norrut p\u00e5g\u00e5r \u00e4nnu polarnatten.<\/p>\n<p>Omni \u00e4r politiskt obundna och oberoende. Vi str\u00e4var efter att ge fler perspektiv p\u00e5 nyheterna. Har du fr\u00e5gor eller synpunkter kring v\u00e5r rapportering? <a href=\"https:\/\/omni.se\/tre-veckors-morker-over-i-kiruna-mot-ljusare-tider\/a\/mailto:redaktion@omni.se\" class=\"ArticleActions_contactLink__W2F1M\" rel=\"nofollow noopener\" target=\"_blank\">Kontakta redaktionen<\/a><\/p>\n","protected":false},"excerpt":{"rendered":"Klockan 11.19 i dag steg solen \u00f6ver Kirunas horisont och med det var den tre veckor l\u00e5nga polarnatten&hellip;\n","protected":false},"author":2,"featured_media":123955,"comment_status":"","ping_status":"","sticky":false,"template":"","format":"standard","meta":{"footnotes":""},"categories":[12],"tags":[22,23,26,27,17,21,1782,24,25,28,29,15,841,16,18,34,31,33,32,30,19,20,693],"class_list":{"0":"post-123954","1":"post","2":"type-post","3":"status-publish","4":"format-standard","5":"has-post-thumbnail","7":"category-sverige","8":"tag-breaking-news","9":"tag-breakingnews","10":"tag-featured-news","11":"tag-featurednews","12":"tag-headlines","13":"tag-huvudnyheter","14":"tag-kiruna","15":"tag-latest-news","16":"tag-latestnews","17":"tag-main-news","18":"tag-mainnews","19":"tag-news","20":"tag-norrbottens-lan","21":"tag-nyheter","22":"tag-rubriker","23":"tag-se","24":"tag-svenska","25":"tag-sverige","26":"tag-sweden","27":"tag-swedish","28":"tag-top-stories","29":"tag-topstories","30":"tag-vader"},"share_on_mastodon":{"url":"https:\/\/pubeurope.com\/@se\/115827215097865204","error":""},"_links":{"self":[{"href":"https:\/\/www.europesays.com\/se\/wp-json\/wp\/v2\/posts\/123954","targetHints":{"allow":["GET"]}}],"collection":[{"href":"https:\/\/www.europesays.com\/se\/wp-json\/wp\/v2\/posts"}],"about":[{"href":"https:\/\/www.europesays.com\/se\/wp-json\/wp\/v2\/types\/post"}],"author":[{"embeddable":true,"href":"https:\/\/www.europesays.com\/se\/wp-json\/wp\/v2\/users\/2"}],"replies":[{"embeddable":true,"href":"https:\/\/www.europesays.com\/se\/wp-json\/wp\/v2\/comments?post=123954"}],"version-history":[{"count":0,"href":"https:\/\/www.europesays.com\/se\/wp-json\/wp\/v2\/posts\/123954\/revisions"}],"wp:featuredmedia":[{"embeddable":true,"href":"https:\/\/www.europesays.com\/se\/wp-json\/wp\/v2\/media\/123955"}],"wp:attachment":[{"href":"https:\/\/www.europesays.com\/se\/wp-json\/wp\/v2\/media?parent=123954"}],"wp:term":[{"taxonomy":"category","embeddable":true,"href":"https:\/\/www.europesays.com\/se\/wp-json\/wp\/v2\/categories?post=123954"},{"taxonomy":"post_tag","embeddable":true,"href":"https:\/\/www.europesays.com\/se\/wp-json\/wp\/v2\/tags?post=123954"}],"curies":[{"name":"wp","href":"https:\/\/api.w.org\/{rel}","templated":true}]}}