{"id":123969,"date":"2026-01-02T20:06:10","date_gmt":"2026-01-02T20:06:10","guid":{"rendered":"https:\/\/www.europesays.com\/se\/123969\/"},"modified":"2026-01-02T20:06:10","modified_gmt":"2026-01-02T20:06:10","slug":"02-januari-15-54-trafikolycka-karlskoga","status":"publish","type":"post","link":"https:\/\/www.europesays.com\/se\/123969\/","title":{"rendered":"02 januari 15.54, Trafikolycka, Karlskoga"},"content":{"rendered":"<p>En lastbil har i ett f\u00f6rsta skede k\u00f6rt in i mittr\u00e4cket p\u00e5 E18, varvid sl\u00e4pet senare lagt sig i diket. Dragbilen st\u00e5r tv\u00e4rs \u00f6ver v\u00e4gen.<\/p>\n<p>Lastbilschauff\u00f6ren \u00e4r ej skadad, men p\u00e5verkad av h\u00e4ndelsen.\u00a0<\/p>\n<p>R\u00e4ddningstj\u00e4nst, polis och Trafikverket \u00e4r informerade och kommer hantera \u00e4rendet.<\/p>\n<p>Enligt uppgifter ska det vara totalstopp i b\u00e5da riktningar, men str\u00e4ckan v\u00e4sterut kommer snart b\u00f6rja rulla. Trafiken \u00f6sterut r\u00e5der det dock fortsatt stopp i ett tag fram\u00e5t.<\/p>\n<p><strong>Uppdatering: <\/strong>Patrullerna omdirigerar trafiken mot Degerfors, via Val\u00e5sen.\u00a0<\/p>\n<p><strong>Uppdatering 17:18:<\/strong> Det \u00e4r fortsatt stopp i trafiken, trafikanter uppmanas v\u00e4lja annan v\u00e4g. Lyssna p\u00e5 trafikradion och st\u00e4m av p\u00e5 Trafikverkets hemsida \u00f6ver alternativa v\u00e4gar. Lastbilschauff\u00f6ren kommer avf\u00f6ras med ambulans f\u00f6r kontroll.\u00a0<\/p>\n<p><strong>Uppdatering 20.59:<\/strong> V\u00e4gen ber\u00e4knas vara avst\u00e4ngd i riktning mot \u00d6rebro till klockan 05.00 den 3 januari. Trafikanter uppmanas fortsatt att ta andra v\u00e4gar och planera sin k\u00f6rning. En anm\u00e4lan om v\u00e5rdsl\u00f6shet i trafik har uppr\u00e4ttats enligt rutin f\u00f6r att vi ska kunna utreda h\u00e4ndelsen vidare.\u00a0<\/p>\n","protected":false},"excerpt":{"rendered":"En lastbil har i ett f\u00f6rsta skede k\u00f6rt in i mittr\u00e4cket p\u00e5 E18, varvid sl\u00e4pet senare lagt sig&hellip;\n","protected":false},"author":2,"featured_media":54,"comment_status":"","ping_status":"","sticky":false,"template":"","format":"standard","meta":{"footnotes":""},"categories":[12],"tags":[22,23,26,27,17,21,24,25,28,29,15,16,18,34,31,33,32,30,19,20],"class_list":{"0":"post-123969","1":"post","2":"type-post","3":"status-publish","4":"format-standard","5":"has-post-thumbnail","7":"category-sverige","8":"tag-breaking-news","9":"tag-breakingnews","10":"tag-featured-news","11":"tag-featurednews","12":"tag-headlines","13":"tag-huvudnyheter","14":"tag-latest-news","15":"tag-latestnews","16":"tag-main-news","17":"tag-mainnews","18":"tag-news","19":"tag-nyheter","20":"tag-rubriker","21":"tag-se","22":"tag-svenska","23":"tag-sverige","24":"tag-sweden","25":"tag-swedish","26":"tag-top-stories","27":"tag-topstories"},"share_on_mastodon":{"url":"https:\/\/pubeurope.com\/@se\/115827309446988652","error":""},"_links":{"self":[{"href":"https:\/\/www.europesays.com\/se\/wp-json\/wp\/v2\/posts\/123969","targetHints":{"allow":["GET"]}}],"collection":[{"href":"https:\/\/www.europesays.com\/se\/wp-json\/wp\/v2\/posts"}],"about":[{"href":"https:\/\/www.europesays.com\/se\/wp-json\/wp\/v2\/types\/post"}],"author":[{"embeddable":true,"href":"https:\/\/www.europesays.com\/se\/wp-json\/wp\/v2\/users\/2"}],"replies":[{"embeddable":true,"href":"https:\/\/www.europesays.com\/se\/wp-json\/wp\/v2\/comments?post=123969"}],"version-history":[{"count":0,"href":"https:\/\/www.europesays.com\/se\/wp-json\/wp\/v2\/posts\/123969\/revisions"}],"wp:featuredmedia":[{"embeddable":true,"href":"https:\/\/www.europesays.com\/se\/wp-json\/wp\/v2\/media\/54"}],"wp:attachment":[{"href":"https:\/\/www.europesays.com\/se\/wp-json\/wp\/v2\/media?parent=123969"}],"wp:term":[{"taxonomy":"category","embeddable":true,"href":"https:\/\/www.europesays.com\/se\/wp-json\/wp\/v2\/categories?post=123969"},{"taxonomy":"post_tag","embeddable":true,"href":"https:\/\/www.europesays.com\/se\/wp-json\/wp\/v2\/tags?post=123969"}],"curies":[{"name":"wp","href":"https:\/\/api.w.org\/{rel}","templated":true}]}}