{"id":123972,"date":"2026-01-02T20:13:07","date_gmt":"2026-01-02T20:13:07","guid":{"rendered":"https:\/\/www.europesays.com\/se\/123972\/"},"modified":"2026-01-02T20:13:07","modified_gmt":"2026-01-02T20:13:07","slug":"hemligheten-om-varfor-myrorna-tog-over-varlden","status":"publish","type":"post","link":"https:\/\/www.europesays.com\/se\/123972\/","title":{"rendered":"Hemligheten om varf\u00f6r myrorna tog \u00f6ver v\u00e4rlden"},"content":{"rendered":"<p>I princip handlar det, som s\u00e5 ofta i naturen, om en avv\u00e4gning eller kompromiss, i det h\u00e4r fallet mellan kvantitet och kvalitet.<\/p>\n<p>Insekter har normalt ett ganska tjockt yttre skal p\u00e5 kroppen, ett yttre skelett \u00e4ven kallat exoskelett, best\u00e5ende av kitin. Skalet fungerar som ett pansar som skyddar mot allehanda fiender. Problemet \u00e4r att det \u00e4r kostsamt att producera och kr\u00e4ver stora m\u00e4ngder kv\u00e4ve och mineraler.<\/p>\n<p><strong>I studien, som<\/strong> publiceras i Science Advances, har forskare, som letts av zoologen Arthur Matte vid University of Cambridge i Storbritannien, m\u00e4tt skalets tjocklek och relativa vikt hos 871 myror fr\u00e5n cirka 500 arter \u2013 inget l\u00e4tt jobb med tanke p\u00e5 att myror \u00e4r sm\u00e5 varelser.<\/p>\n<p>De fann att myrarter med tjockt skal \u2013 s\u00e5dana finns \u2013 lever i ganska sm\u00e5 kolonier med ett f\u00e5tal individer, precis som de flesta insekter. Skalet var betydligt tunnare hos arterna med de st\u00f6rsta kolonierna.<\/p>\n<p><strong>Genom att satsa mindre<\/strong> p\u00e5 skyddande skal kunde dessa i st\u00e4llet producera fler individer \u2013 som kanske var mer s\u00e5rbara f\u00f6r yttre fiender men ocks\u00e5 gjorde det m\u00f6jligt att bygga gigantiska samh\u00e4llen med enorma m\u00e4ngder individer som arbetar tillsammans och skyddar kolonin med gemensamma attacker.<\/p>\n<p>Myrorna har med andra ord offrat ett visst m\u00e5tt av s\u00e4kerhet f\u00f6r m\u00f6jligheten att bli dominanta i de ekologiska systemen p\u00e5 jorden. Deras totala antal \u00e4r hisnande \u2013 inga andra djur som vi m\u00e4nniskor kan se med blotta \u00f6gat \u00e4r s\u00e5 talrika och s\u00e5 framg\u00e5ngsrika. Uppenbarligen kan det l\u00f6na sig att satsa p\u00e5 kvantitet i st\u00e4llet f\u00f6r kvalitet.<\/p>\n","protected":false},"excerpt":{"rendered":"I princip handlar det, som s\u00e5 ofta i naturen, om en avv\u00e4gning eller kompromiss, i det h\u00e4r fallet&hellip;\n","protected":false},"author":2,"featured_media":123973,"comment_status":"","ping_status":"","sticky":false,"template":"","format":"standard","meta":{"footnotes":""},"categories":[14],"tags":[22,23,26,27,17,21,24,25,28,29,15,16,18,34,31,33,32,30,19,20,51,52,53,54],"class_list":{"0":"post-123972","1":"post","2":"type-post","3":"status-publish","4":"format-standard","5":"has-post-thumbnail","7":"category-varlden","8":"tag-breaking-news","9":"tag-breakingnews","10":"tag-featured-news","11":"tag-featurednews","12":"tag-headlines","13":"tag-huvudnyheter","14":"tag-latest-news","15":"tag-latestnews","16":"tag-main-news","17":"tag-mainnews","18":"tag-news","19":"tag-nyheter","20":"tag-rubriker","21":"tag-se","22":"tag-svenska","23":"tag-sverige","24":"tag-sweden","25":"tag-swedish","26":"tag-top-stories","27":"tag-topstories","28":"tag-varlden","29":"tag-world","30":"tag-world-news","31":"tag-worldnews"},"share_on_mastodon":{"url":"https:\/\/pubeurope.com\/@se\/115827337063268329","error":""},"_links":{"self":[{"href":"https:\/\/www.europesays.com\/se\/wp-json\/wp\/v2\/posts\/123972","targetHints":{"allow":["GET"]}}],"collection":[{"href":"https:\/\/www.europesays.com\/se\/wp-json\/wp\/v2\/posts"}],"about":[{"href":"https:\/\/www.europesays.com\/se\/wp-json\/wp\/v2\/types\/post"}],"author":[{"embeddable":true,"href":"https:\/\/www.europesays.com\/se\/wp-json\/wp\/v2\/users\/2"}],"replies":[{"embeddable":true,"href":"https:\/\/www.europesays.com\/se\/wp-json\/wp\/v2\/comments?post=123972"}],"version-history":[{"count":0,"href":"https:\/\/www.europesays.com\/se\/wp-json\/wp\/v2\/posts\/123972\/revisions"}],"wp:featuredmedia":[{"embeddable":true,"href":"https:\/\/www.europesays.com\/se\/wp-json\/wp\/v2\/media\/123973"}],"wp:attachment":[{"href":"https:\/\/www.europesays.com\/se\/wp-json\/wp\/v2\/media?parent=123972"}],"wp:term":[{"taxonomy":"category","embeddable":true,"href":"https:\/\/www.europesays.com\/se\/wp-json\/wp\/v2\/categories?post=123972"},{"taxonomy":"post_tag","embeddable":true,"href":"https:\/\/www.europesays.com\/se\/wp-json\/wp\/v2\/tags?post=123972"}],"curies":[{"name":"wp","href":"https:\/\/api.w.org\/{rel}","templated":true}]}}