{"id":123974,"date":"2026-01-02T20:14:15","date_gmt":"2026-01-02T20:14:15","guid":{"rendered":"https:\/\/www.europesays.com\/se\/123974\/"},"modified":"2026-01-02T20:14:15","modified_gmt":"2026-01-02T20:14:15","slug":"stillastaende-personbil-orsakar-stopp-i-ett-korfalt-pa-e4-unt","status":"publish","type":"post","link":"https:\/\/www.europesays.com\/se\/123974\/","title":{"rendered":"Stillast\u00e5ende personbil orsakar stopp i ett k\u00f6rf\u00e4lt p\u00e5 E4 &#8211; UNT"},"content":{"rendered":"<ol>\n<li><a href=\"https:\/\/news.google.com\/rss\/articles\/CBMitAFBVV95cUxNQnQzenUxci10cXBVRTdFbWZaYW41SjVvbFlRUFM1TFZzU0ZETU5EUngwVGlUeER2dmlYQXg4QWN6a2syY2VfTl9Jc3FsM0YyYzMtRlhIVGpyYVBXVzNMTlNlVDRta3hiQlpOU2RFUEVpT096QW03dG5zOThrTFZYX29NcEd6ZEF2MktNdUZrUUp1bWxDZzAtUTJuMDBTNXVIT1ZkYXprRk52b19Ud2ZXMDZlaWE?oc=5\" target=\"_blank\" rel=\"nofollow noopener\">Stillast\u00e5ende personbil orsakar stopp i ett k\u00f6rf\u00e4lt p\u00e5 E4<\/a>&nbsp;&nbsp;UNT<\/li>\n<li><a href=\"https:\/\/news.google.com\/rss\/articles\/CBMizAFBVV95cUxNQnNMSnhudUNrSXR3M1lyUlU0bFBfWTg3aFl4aGxEczhXQ2xRRVhoejZ2Vzg0dHREX2I0MWJPT0VnQU5Kdkk1S3N4NkQ1OE9oU1loODdESXItM01tM3Nhd01tWlhfVk9wSkRuYlZZNDZEM01IVlFJcms4M3FSbklsTDE1R0o3WFVaVG5TeFNnMGZQM0ViRDEzWXFxNUloaHh3eU90LWZiSTJXNk9IVUMweFJFb0NuVVFKbjlrZzRXREhIZHJGM29ORnBnVWM?oc=5\" target=\"_blank\" rel=\"nofollow noopener\">Just nu: Ett k\u00f6rf\u00e4lt blockerat p\u00e5 grund av en stillast\u00e5ende personbil p\u00e5 E4<\/a>&nbsp;&nbsp;UNT<\/li>\n<li><a href=\"https:\/\/news.google.com\/rss\/articles\/CBMivgFBVV95cUxQTU5BZ1NoSHVTekl3cWxMSmZfM09FbElyRU0tRHVMbHBTUDJBU0tUcWhZYUU2TDNKUWFldGNzTUg0OGQzd3ZsR1ZVRFRyM0RmaXJxMUhwbDhrV0EwYlBXUjljR1Fvc0Z0TlZwbjNiTWpqemh3emF4dUZBSEl1WVFpSnNYc3J0Tm56RHlpcFRiSzRXcDBVWmtwMURraHN0SnJmbzlLTFJILTRvbVgtQlppVnVIVkVRRGNBZk51bmxB?oc=5\" target=\"_blank\" rel=\"nofollow noopener\">En stillast\u00e5ende personbil ger stopp i ett k\u00f6rf\u00e4lt p\u00e5 E4<\/a>&nbsp;&nbsp;Norran<\/li>\n<li><a href=\"https:\/\/news.google.com\/rss\/articles\/CBMivAFBVV95cUxQYU1KMDQ2MnBucjJsSjhxbkxwV2UxS0NvUFI1T2EzVy1rUjFtR2xsclJMLUVIQlYyODgya0FUa2p0b1FaVVRqTlVER3d0ODNzTzV1bVNzRVU4MEVzbFhBanp4TGcyam1Udzd4QlhnYkI1bzY1dWp5MWpCWTNCclVlSFlwVnZKRjB6VktrRTUtWnBtRmdnR2xoVnNkTWtlVE9VV0tyMzN4emw0NGU0RGtnMkQtVWNTblF3ZHZSeg?oc=5\" target=\"_blank\" rel=\"nofollow noopener\">Just nu: Flera stillast\u00e5ende personbilar p\u00e5 E4 \u2013 problem i trafiken<\/a>&nbsp;&nbsp;NSD<\/li>\n<li><a href=\"https:\/\/news.google.com\/rss\/articles\/CBMiuAFBVV95cUxOVk9VRzFOZ0xYODk4akNna1ZleEJKMDlBMnZPVS1qVTNWYkc3NGhibDEtc1M1dElFTk41R3ltaVJGVVRfaW9XZXB5d0dQSFJlX0xUZFZ0cV83NlZpOEU0NW1zWGFhUFdvN2xOV1lNczc0anhXT1Z5SjlRUGZXLV95b3lab2hYSVZnUWF5UjlDeG9DdTB6bWFKMTYyb1RvYTVKR1NhM1BqalZfVGQwLXI0XzFMRDVBQy05?oc=5\" target=\"_blank\" rel=\"nofollow noopener\">Stopp i ett k\u00f6rf\u00e4lt p\u00e5 grund av en stillast\u00e5ende lastbil p\u00e5 E4<\/a>&nbsp;&nbsp;Pite\u00e5-Tidningen<\/li>\n<\/ol>\n","protected":false},"excerpt":{"rendered":"Stillast\u00e5ende personbil orsakar stopp i ett k\u00f6rf\u00e4lt p\u00e5 E4&nbsp;&nbsp;UNT Just nu: Ett k\u00f6rf\u00e4lt blockerat p\u00e5 grund av en&hellip;\n","protected":false},"author":2,"featured_media":123708,"comment_status":"","ping_status":"","sticky":false,"template":"","format":"standard","meta":{"footnotes":""},"categories":[12],"tags":[22,23,26,27,17,21,24,25,28,29,15,16,18,34,31,33,32,30,19,20],"class_list":{"0":"post-123974","1":"post","2":"type-post","3":"status-publish","4":"format-standard","5":"has-post-thumbnail","7":"category-sverige","8":"tag-breaking-news","9":"tag-breakingnews","10":"tag-featured-news","11":"tag-featurednews","12":"tag-headlines","13":"tag-huvudnyheter","14":"tag-latest-news","15":"tag-latestnews","16":"tag-main-news","17":"tag-mainnews","18":"tag-news","19":"tag-nyheter","20":"tag-rubriker","21":"tag-se","22":"tag-svenska","23":"tag-sverige","24":"tag-sweden","25":"tag-swedish","26":"tag-top-stories","27":"tag-topstories"},"share_on_mastodon":{"url":"https:\/\/pubeurope.com\/@se\/115827340965993113","error":""},"_links":{"self":[{"href":"https:\/\/www.europesays.com\/se\/wp-json\/wp\/v2\/posts\/123974","targetHints":{"allow":["GET"]}}],"collection":[{"href":"https:\/\/www.europesays.com\/se\/wp-json\/wp\/v2\/posts"}],"about":[{"href":"https:\/\/www.europesays.com\/se\/wp-json\/wp\/v2\/types\/post"}],"author":[{"embeddable":true,"href":"https:\/\/www.europesays.com\/se\/wp-json\/wp\/v2\/users\/2"}],"replies":[{"embeddable":true,"href":"https:\/\/www.europesays.com\/se\/wp-json\/wp\/v2\/comments?post=123974"}],"version-history":[{"count":0,"href":"https:\/\/www.europesays.com\/se\/wp-json\/wp\/v2\/posts\/123974\/revisions"}],"wp:featuredmedia":[{"embeddable":true,"href":"https:\/\/www.europesays.com\/se\/wp-json\/wp\/v2\/media\/123708"}],"wp:attachment":[{"href":"https:\/\/www.europesays.com\/se\/wp-json\/wp\/v2\/media?parent=123974"}],"wp:term":[{"taxonomy":"category","embeddable":true,"href":"https:\/\/www.europesays.com\/se\/wp-json\/wp\/v2\/categories?post=123974"},{"taxonomy":"post_tag","embeddable":true,"href":"https:\/\/www.europesays.com\/se\/wp-json\/wp\/v2\/tags?post=123974"}],"curies":[{"name":"wp","href":"https:\/\/api.w.org\/{rel}","templated":true}]}}