{"id":123975,"date":"2026-01-02T20:15:07","date_gmt":"2026-01-02T20:15:07","guid":{"rendered":"https:\/\/www.europesays.com\/se\/123975\/"},"modified":"2026-01-02T20:15:07","modified_gmt":"2026-01-02T20:15:07","slug":"skidskytte-johan-olav-botn-var-den-som-fann-bakken-dod-i-hotellrummet-chocktillstand","status":"publish","type":"post","link":"https:\/\/www.europesays.com\/se\/123975\/","title":{"rendered":"Skidskytte: Johan-Olav Botn var den som fann Bakken d\u00f6d i hotellrummet: \u201dChocktillst\u00e5nd\u201d"},"content":{"rendered":"<p>Det v\u00e4ckte f\u00f6rst\u00e4mning l\u00e5ngt utanf\u00f6r skidskyttekretsar n\u00e4r nyheten om att Sivert Guttorm Bakken, 27, hittades d\u00f6d i sitt hotellrum i Lavaz\u00e9, Italien, offentliggjordes.<\/p>\n<p>S\u00e4songens stora sensation, Botn, ber\u00e4ttar nu vad som h\u00e4nde.<\/p>\n<p>\u2013 Sivert och jag skulle p\u00e5 tr\u00e4ning klockan nio den morgonen. Jag skulle h\u00e4mta bilnycklarna f\u00f6r att f\u00e5 ut skidor och stavar ur bilen, och sedan hittade jag honom livl\u00f6s i rummet, s\u00e4ger Botn.<\/p>\n<p>Vad t\u00e4nker du p\u00e5 n\u00e4r n\u00e5got s\u00e5dant h\u00e4nder?<\/p>\n<p>\u2013 Det var ett fullst\u00e4ndigt chocktillst\u00e5nd och panik. Det f\u00f6rsta du g\u00f6r \u00e4r att f\u00f6rs\u00f6ka hj\u00e4lpa. Jag f\u00f6rs\u00f6kte ringa polisen och ambulansen, men jag kunde inte komma fram. Jag sprang och fick hj\u00e4lp. Det var n\u00e5gra stressiga minuter att f\u00f6rs\u00f6ka hj\u00e4lpa \u2013 och f\u00e5 hj\u00e4lp, beskriver Botn stressen.<\/p>\n<p>Direkt f\u00f6rstod Botn att Bakken var d\u00f6d. <\/p>\n<p>\u2013 Jag s\u00e5g att han var helt livl\u00f6s och blek i ansiktet. Jag ins\u00e5g att han var d\u00f6d. Det var ett chocktillst\u00e5nd d\u00e4r man inte k\u00e4nner n\u00e5gonting alls, men man f\u00f6rs\u00f6ker hj\u00e4lpa till. Det var f\u00f6rst n\u00e4r ambulansen kom som jag f\u00f6rstod vad som hade h\u00e4nt \u2013 och att man tar det till sig, till\u00e4gger Botn.<\/p>\n<p>F\u00f6rh\u00f6rdes av italiensk polis<\/p>\n<p>Han f\u00f6rh\u00f6rdes senare av italiensk polis som fortfarande utreder d\u00f6dsorsaken. I de f\u00f6rsta kommentarerna sades det att resultatet av obduktionen skulle komma efter en vecka, vilket senare utstr\u00e4cktes till i mars som bortre gr\u00e4ns.<\/p>\n<p>Bakken hittades med en h\u00f6gh\u00f6jdsmask inst\u00e4lld p\u00e5 7\u00a0000 meters h\u00f6jd, vilket gett upphov till spekulationer kring d\u00f6dsorsaken. <\/p>\n<p>\u2013 Tyv\u00e4rr har jag h\u00f6rt alla m\u00f6jliga spekulationer. Jag vill att folk ska respektera de anh\u00f6riga, undvika spekulationer och v\u00e4nta med att dra slutsatser tills utredningen \u00e4r \u00f6ver, s\u00e4ger Botn som sj\u00e4lv aldrig anv\u00e4nt h\u00f6gh\u00f6jdsmask.<\/p>\n<p>Botn, 26, var ett \u00e5r yngre \u00e4n Bakken och de t\u00e4vlade tillsammans b\u00e5de i v\u00e4rldscupen och IBU-cupen och delade tid i B-landslaget.<\/p>\n<p>V\u00e4rldscupen g\u00f6r omstart i Oberhof 8 januari.<\/p>\n","protected":false},"excerpt":{"rendered":"Det v\u00e4ckte f\u00f6rst\u00e4mning l\u00e5ngt utanf\u00f6r skidskyttekretsar n\u00e4r nyheten om att Sivert Guttorm Bakken, 27, hittades d\u00f6d i sitt&hellip;\n","protected":false},"author":2,"featured_media":123976,"comment_status":"","ping_status":"","sticky":false,"template":"","format":"standard","meta":{"footnotes":""},"categories":[5],"tags":[22,23,26,27,17,21,24,25,28,29,15,16,18,34,31,33,32,30,19,20],"class_list":{"0":"post-123975","1":"post","2":"type-post","3":"status-publish","4":"format-standard","5":"has-post-thumbnail","7":"category-rubriker","8":"tag-breaking-news","9":"tag-breakingnews","10":"tag-featured-news","11":"tag-featurednews","12":"tag-headlines","13":"tag-huvudnyheter","14":"tag-latest-news","15":"tag-latestnews","16":"tag-main-news","17":"tag-mainnews","18":"tag-news","19":"tag-nyheter","20":"tag-rubriker","21":"tag-se","22":"tag-svenska","23":"tag-sverige","24":"tag-sweden","25":"tag-swedish","26":"tag-top-stories","27":"tag-topstories"},"share_on_mastodon":{"url":"https:\/\/pubeurope.com\/@se\/115827344846168532","error":""},"_links":{"self":[{"href":"https:\/\/www.europesays.com\/se\/wp-json\/wp\/v2\/posts\/123975","targetHints":{"allow":["GET"]}}],"collection":[{"href":"https:\/\/www.europesays.com\/se\/wp-json\/wp\/v2\/posts"}],"about":[{"href":"https:\/\/www.europesays.com\/se\/wp-json\/wp\/v2\/types\/post"}],"author":[{"embeddable":true,"href":"https:\/\/www.europesays.com\/se\/wp-json\/wp\/v2\/users\/2"}],"replies":[{"embeddable":true,"href":"https:\/\/www.europesays.com\/se\/wp-json\/wp\/v2\/comments?post=123975"}],"version-history":[{"count":0,"href":"https:\/\/www.europesays.com\/se\/wp-json\/wp\/v2\/posts\/123975\/revisions"}],"wp:featuredmedia":[{"embeddable":true,"href":"https:\/\/www.europesays.com\/se\/wp-json\/wp\/v2\/media\/123976"}],"wp:attachment":[{"href":"https:\/\/www.europesays.com\/se\/wp-json\/wp\/v2\/media?parent=123975"}],"wp:term":[{"taxonomy":"category","embeddable":true,"href":"https:\/\/www.europesays.com\/se\/wp-json\/wp\/v2\/categories?post=123975"},{"taxonomy":"post_tag","embeddable":true,"href":"https:\/\/www.europesays.com\/se\/wp-json\/wp\/v2\/tags?post=123975"}],"curies":[{"name":"wp","href":"https:\/\/api.w.org\/{rel}","templated":true}]}}