{"id":123985,"date":"2026-01-02T20:23:20","date_gmt":"2026-01-02T20:23:20","guid":{"rendered":"https:\/\/www.europesays.com\/se\/123985\/"},"modified":"2026-01-02T20:23:20","modified_gmt":"2026-01-02T20:23:20","slug":"offer-fran-nio-lander-i-barbranden-expressen","status":"publish","type":"post","link":"https:\/\/www.europesays.com\/se\/123985\/","title":{"rendered":"Offer fr\u00e5n nio l\u00e4nder i barbranden &#8211; Expressen"},"content":{"rendered":"<ol>\n<li><a href=\"https:\/\/news.google.com\/rss\/articles\/CBMilwFBVV95cUxQbVcxY1FfTVR0SjV2QVZTRE05SGF2T1M0OHNmRGRWQUh2TUc2a01YRE82a01GdjJBdlk0ZWtweFNnSjF2YzZiNGpLMUVWNmpMQVdpYzVxdHIyZWFVczQxcVpFUHR1bmRlVmxlbXNMQVpUTkpmamxvcXhuQWlHcUVXQ2VwOUVESG9ZY21GTTh1OFExYzFKYTBN?oc=5\" target=\"_blank\" rel=\"nofollow noopener\">Offer fr\u00e5n nio l\u00e4nder i barbranden<\/a>&nbsp;&nbsp;Expressen<\/li>\n<li><a href=\"https:\/\/news.google.com\/rss\/articles\/CBMikwFBVV95cUxNMFB5eDFRTHF0NVdsTmExMmVEM3pqOTAxWU1sVjhZaFZkVm85eWxiekd4dFNXMWtWZUFQYWE2V1V0Z051TEgwV3dZZ1MxSlJTLTlnVlRqUXJ0UHdVTVVLM1BRUmNYQXFvalpHRjF2THc4d0MyQlJ0QUZ6LU5FMXVLLV9iT2NfWEFaUXlqWHdWRXZtbDQ?oc=5\" target=\"_blank\" rel=\"nofollow noopener\">Efter d\u00f6dsbranden \u2013 kritik mot svensk after ski<\/a>&nbsp;&nbsp;Aftonbladet<\/li>\n<li><a href=\"https:\/\/news.google.com\/rss\/articles\/CBMinwFBVV95cUxPSEE1RldXNlpBS1pmVVJIMnJGNlVUZVpMX2lscHB6ZG80TmNWYVU1ZE5SOW51U1JXanVKWGFXb1h3eVhtMS0zV3YwMnhpQlBZRXB3ajA2ZXhZM1AtLWRDbW54aThzTFRHYnVSZWdKbnZkT0VfZ0FVYy1vS29CVVRBNUJnWHBWWmoybFowTDYzTEQta0s3SjA1NDhERnN2b1k?oc=5\" target=\"_blank\" rel=\"nofollow noopener\">Sorgen i byn efter ny\u00e5rsbranden: \u201dOfattbart\u201d<\/a>&nbsp;&nbsp;Aftonbladet<\/li>\n<li><a href=\"https:\/\/news.google.com\/rss\/articles\/CBMimgFBVV95cUxOYzVrUV9OMjkwZThmSUxiTUROYVF1VWVZREUyek04SnlJc0o2UFctczhFYmFpVnY4Zng3Rno0b0h4UGVseFlRcmlTUGZhZmxjZU1SMHVGajFKY0xjQmNGLVlTaWliV1o3eUtDM3FMaWhPY2NRQVVzd2FPb0RaM25scEJBT05vaklWM2Z4MHZJSEdsLWxsV2lTbzdn?oc=5\" target=\"_blank\" rel=\"nofollow noopener\">Partybloss tros ha orsakat d\u00f6dsbranden i Schweiz<\/a>&nbsp;&nbsp;SVT Nyheter<\/li>\n<li><a href=\"https:\/\/news.google.com\/rss\/articles\/CBMitAFBVV95cUxQSEdTRHF1NTFCLS03SDZwcU9xblU2YUtIZzZnSG5vc0kwYmU1Z1pnOEFfajFGTlRGWktjUFFZcEV4ZEYzcnlyUVoyT085YnhhQ2FQUmZsN01mc2JuVTdzWVJTYnhUVU5MblN4VVp5b0ZvMUs0WFRMUjZ2ZzFuZU1MSXljV1JTVEVZdkVMXzFVR0JSeVNsa2V0NWFrNWNkQmtSajlTTmFVaF9kTDRVUTFERlhESlg?oc=5\" target=\"_blank\" rel=\"nofollow noopener\">Skarp kritik mot afterskin i S\u00e4len: \u201dDirekt ol\u00e4mpligt\u201d<\/a>&nbsp;&nbsp;Expressen<\/li>\n<\/ol>\n","protected":false},"excerpt":{"rendered":"Offer fr\u00e5n nio l\u00e4nder i barbranden&nbsp;&nbsp;Expressen Efter d\u00f6dsbranden \u2013 kritik mot svensk after ski&nbsp;&nbsp;Aftonbladet Sorgen i byn efter&hellip;\n","protected":false},"author":2,"featured_media":39,"comment_status":"","ping_status":"","sticky":false,"template":"","format":"standard","meta":{"footnotes":""},"categories":[5],"tags":[22,23,26,27,17,21,24,25,28,29,15,16,18,34,31,33,32,30,19,20],"class_list":{"0":"post-123985","1":"post","2":"type-post","3":"status-publish","4":"format-standard","5":"has-post-thumbnail","7":"category-rubriker","8":"tag-breaking-news","9":"tag-breakingnews","10":"tag-featured-news","11":"tag-featurednews","12":"tag-headlines","13":"tag-huvudnyheter","14":"tag-latest-news","15":"tag-latestnews","16":"tag-main-news","17":"tag-mainnews","18":"tag-news","19":"tag-nyheter","20":"tag-rubriker","21":"tag-se","22":"tag-svenska","23":"tag-sverige","24":"tag-sweden","25":"tag-swedish","26":"tag-top-stories","27":"tag-topstories"},"share_on_mastodon":{"url":"https:\/\/pubeurope.com\/@se\/115827376355203082","error":""},"_links":{"self":[{"href":"https:\/\/www.europesays.com\/se\/wp-json\/wp\/v2\/posts\/123985","targetHints":{"allow":["GET"]}}],"collection":[{"href":"https:\/\/www.europesays.com\/se\/wp-json\/wp\/v2\/posts"}],"about":[{"href":"https:\/\/www.europesays.com\/se\/wp-json\/wp\/v2\/types\/post"}],"author":[{"embeddable":true,"href":"https:\/\/www.europesays.com\/se\/wp-json\/wp\/v2\/users\/2"}],"replies":[{"embeddable":true,"href":"https:\/\/www.europesays.com\/se\/wp-json\/wp\/v2\/comments?post=123985"}],"version-history":[{"count":0,"href":"https:\/\/www.europesays.com\/se\/wp-json\/wp\/v2\/posts\/123985\/revisions"}],"wp:featuredmedia":[{"embeddable":true,"href":"https:\/\/www.europesays.com\/se\/wp-json\/wp\/v2\/media\/39"}],"wp:attachment":[{"href":"https:\/\/www.europesays.com\/se\/wp-json\/wp\/v2\/media?parent=123985"}],"wp:term":[{"taxonomy":"category","embeddable":true,"href":"https:\/\/www.europesays.com\/se\/wp-json\/wp\/v2\/categories?post=123985"},{"taxonomy":"post_tag","embeddable":true,"href":"https:\/\/www.europesays.com\/se\/wp-json\/wp\/v2\/tags?post=123985"}],"curies":[{"name":"wp","href":"https:\/\/api.w.org\/{rel}","templated":true}]}}