{"id":123986,"date":"2026-01-02T20:25:09","date_gmt":"2026-01-02T20:25:09","guid":{"rendered":"https:\/\/www.europesays.com\/se\/123986\/"},"modified":"2026-01-02T20:25:09","modified_gmt":"2026-01-02T20:25:09","slug":"damlejonens-chefstranare-tero-lehtera-om-sin-os-trupp-det-ar-inte-jag-som-har-valt-malvakter-sport","status":"publish","type":"post","link":"https:\/\/www.europesays.com\/se\/123986\/","title":{"rendered":"Damlejonens chefstr\u00e4nare Tero Lehter\u00e4 om sin OS-trupp: \u201dDet \u00e4r inte jag som har valt m\u00e5lvakter\u201d | Sport"},"content":{"rendered":"<p class=\"aw-1gybjub aw-5vja16 kEtdKx kmuxyA yle__article__paragraph\">Emma Nuutinen g\u00f6r comeback i m\u00e4sterskapssammanhang och Jenni Hiirikoski spelar sitt femte OS. Damlejonen inleder turneringen med att m\u00f6ta Kanada om en m\u00e5nad.<\/p>\n<p><img decoding=\"async\" alt=\"Tero Lehter\u00e4 skrapar sig i h\u00e5ret.\" src=\"https:\/\/www.europesays.com\/se\/wp-content\/uploads\/2026\/01\/39-15767116957f6c45339b.jpeg\" class=\"aw-1l9m598 hKVVvP\"\/><\/p>\n<p>\u00d6ppna bildvisare<\/p>\n<p>Tero Lehter\u00e4 tr\u00e4nade f\u00f6rra s\u00e4songen Oskarshamns herrar i hockeyallsvenskan. Bild: Markku Ulander \/ LehtikuvaLyssna (du h\u00f6r en artificiell r\u00f6st) 3:13<\/p>\n<p class=\"aw-1gybjub aw-1p7kakr kEtdKx cEmitX yle__article__paragraph\">Damlejonens chefstr\u00e4nare Tero Lehter\u00e4 har tagit ut 23 spelare som ska representera Finland i vinter-OS. F\u00f6r fyra \u00e5r sedan i Peking vann Finland bronsmatchen mot Schweiz med 4\u20130.<\/p>\n<p class=\"aw-1gybjub aw-1p7kakr kEtdKx cEmitX yle__article__paragraph\">F\u00f6r Finland blev det \u00e4ven en bronsmedalj i VM i april 2025. J\u00e4mf\u00f6rt med den truppen \u00e4r tre spelare nya: backarna Jenni Hiirikoski och Sini Karjalainen samt anfallaren Emma Nuutinen.<\/p>\n<p>F\u00f6r\u00e4ndringar j\u00e4mf\u00f6rt med VM 2025<\/p>\n<p class=\"aw-1gybjub aw-1p7kakr kEtdKx cEmitX yle__article__paragraph\"><strong class=\"aw-ak79eh KyCXm yle__article__strong\">In<\/strong><\/p>\n<p class=\"aw-1gybjub aw-1p7kakr kEtdKx cEmitX yle__article__paragraph\">Jenni Hiirikoski, Lule\u00e5<br \/>Sini Karjalainen, Skellefte\u00e5<\/p>\n<p class=\"aw-1gybjub aw-1p7kakr kEtdKx cEmitX yle__article__paragraph\">Emma Nuutinen, Kiekko-Espoo<\/p>\n<p class=\"aw-1gybjub aw-1p7kakr kEtdKx cEmitX yle__article__paragraph\"><strong class=\"aw-ak79eh KyCXm yle__article__strong\">Ut<\/strong><\/p>\n<p class=\"aw-1gybjub aw-1p7kakr kEtdKx cEmitX yle__article__paragraph\">Ada Eronen, Kiekko-Espoo<br \/>Oona Koukkula, Bryn\u00e4s<br \/>Krista Parkkonen, University of Minnesota-Duluth<\/p>\n<p class=\"aw-1gybjub aw-1p7kakr kEtdKx cEmitX yle__article__paragraph\">Emma Ekoluoma, Ilves<br \/>Sofianna Sundelin, St. Cloud State University<\/p>\n<p class=\"aw-1gybjub aw-1p7kakr kEtdKx cEmitX yle__article__paragraph\">Den 29-\u00e5riga Nuutinen har \u00f6st in po\u00e4ng i Kiekko-Espoo. Med sina 58 po\u00e4ng p\u00e5 24 matcher leder hon po\u00e4ngligan med hela 16 po\u00e4ng. Nuutinen f\u00e5r g\u00f6ra sitt f\u00f6rsta m\u00e4sterskap sedan VM 2019.<\/p>\n<p class=\"aw-1gybjub aw-1p7kakr kEtdKx cEmitX yle__article__paragraph\">Den 38-\u00e5riga Hiirikoski g\u00f6r sitt femte OS. Hon var f\u00f6r f\u00f6rsta g\u00e5ngen med i Vancouver 2010. I april tvingades Hiirikoski st\u00e5 \u00f6ver VM p\u00e5 grund av h\u00e4lsosk\u00e4l.<\/p>\n<p>Tr\u00e4naren har inte koll p\u00e5 m\u00e5lvakterna<\/p>\n<p class=\"aw-1gybjub aw-1p7kakr kEtdKx cEmitX yle__article__paragraph\">Tero Lehter\u00e4 g\u00f6r sitt f\u00f6rsta m\u00e4sterskap som Damlejonens f\u00f6rbundskapten och fick av Yle en fr\u00e5ga om vem som \u00e4r f\u00f6rstam\u00e5lvakt.<\/p>\n<p class=\"aw-1gybjub aw-1p7kakr kEtdKx cEmitX yle__article__paragraph\">\u2013\u00a0\u00c4rligt talat \u00e4r det inte jag som har valt m\u00e5lvakter. Det \u00e4r m\u00e5lvaktstr\u00e4naren Tuomas Tarkki som ansvarar f\u00f6r det. Jag vet inte vem Tuomas vill ha som f\u00f6rstaval, s\u00e4ger Lehter\u00e4.<\/p>\n<p>Finlands damtrupp<\/p>\n<p class=\"aw-1gybjub aw-1p7kakr kEtdKx cEmitX yle__article__paragraph\"><strong class=\"aw-ak79eh KyCXm yle__article__strong\">M\u00e5lvakter (3)<\/strong><\/p>\n<p class=\"aw-1gybjub aw-1p7kakr kEtdKx cEmitX yle__article__paragraph\">Sanni Ahola, Ottawa Charge<br \/>Anni Keisala, HPK<br \/>Emilia Kyrkk\u00f6, St. Cloud State University<\/p>\n<p class=\"aw-1gybjub aw-1p7kakr kEtdKx cEmitX yle__article__paragraph\"><strong class=\"aw-ak79eh KyCXm yle__article__strong\">Backar (7)<\/strong><\/p>\n<p class=\"aw-1gybjub aw-1p7kakr kEtdKx cEmitX yle__article__paragraph\">Jenni Hiirikoski, Lule\u00e5<br \/>Sini Karjalainen, Skellefte\u00e5<br \/>Nelli Laitinen, University of Minnesota<br \/>Sanni Rantala, Fr\u00f6lunda<br \/>Ronja Savolainen, Ottawa Charge<br \/>Elli Suoranta, Ilves<br \/>Siiri Yrj\u00f6l\u00e4, St. Cloud State University<\/p>\n<p class=\"aw-1gybjub aw-1p7kakr kEtdKx cEmitX yle__article__paragraph\"><strong class=\"aw-ak79eh KyCXm yle__article__strong\">Anfallare (13)<\/strong><\/p>\n<p class=\"aw-1gybjub aw-1p7kakr kEtdKx cEmitX yle__article__paragraph\">Elisa Holopainen, Fr\u00f6lunda<br \/>Michelle Karvinen, Vancouver Goldeneyes<br \/>Ida Kuoppala, Skellefte\u00e5<br \/>Julia Liikala, Ambri-Piotta<br \/>Petra Nieminen, Lule\u00e5<br \/>Emma Nuutinen, Kiekko-Espoo<br \/>Jenniina Nylund, Bryn\u00e4s<br \/>Julia Schalin, Mercyhurst University<br \/>Susanna Tapani, Boston Fleet<br \/>Noora Tulus, Bryn\u00e4s<br \/>Viivi Vainikka, Bryn\u00e4s<br \/>Sanni Vanhanen, Ohio State University<br \/>Emilia Vesa, Fr\u00f6lunda<\/p>\n<p class=\"aw-1gybjub aw-1p7kakr kEtdKx cEmitX yle__article__paragraph\">Finland inleder turneringen med att m\u00f6ta Kanada den 5 februari.<\/p>\n<p class=\"aw-1gybjub aw-1p7kakr kEtdKx cEmitX yle__article__paragraph\">Lehter\u00e4 fick svara p\u00e5 vad som kr\u00e4vs f\u00f6r att Finland ska ta sig till final.<\/p>\n<p class=\"aw-1gybjub aw-1p7kakr kEtdKx cEmitX yle__article__paragraph\">\u2013\u00a0Vi m\u00e5ste lyckas i defensiven, vi klarar oss inte om det blir en \u00e5kt\u00e4vling. Vi beh\u00f6ver ocks\u00e5 lyckas i powerplay och boxplay.<\/p>\n","protected":false},"excerpt":{"rendered":"Emma Nuutinen g\u00f6r comeback i m\u00e4sterskapssammanhang och Jenni Hiirikoski spelar sitt femte OS. Damlejonen inleder turneringen med att&hellip;\n","protected":false},"author":2,"featured_media":123987,"comment_status":"","ping_status":"","sticky":false,"template":"","format":"standard","meta":{"footnotes":""},"categories":[68],"tags":[13022,1472,13023,13025,6697,13027,34,111,110,13026,31,33,32,30,13024,579],"class_list":{"0":"post-123986","1":"post","2":"type-post","3":"status-publish","4":"format-standard","5":"has-post-thumbnail","7":"category-sport","8":"tag-finlands-damlandslag-i-ishockey","9":"tag-ishockey","10":"tag-ishockey-damer","11":"tag-jenni-hiirikoski","12":"tag-olympiska-vinterspelen-milano-cortina-2026","13":"tag-ronja-savolainen","14":"tag-se","15":"tag-sport","16":"tag-sports","17":"tag-susanna-tapani","18":"tag-svenska","19":"tag-sverige","20":"tag-sweden","21":"tag-swedish","22":"tag-tero-lehtera","23":"tag-yle-sporten"},"share_on_mastodon":{"url":"https:\/\/pubeurope.com\/@se\/115827384158877754","error":""},"_links":{"self":[{"href":"https:\/\/www.europesays.com\/se\/wp-json\/wp\/v2\/posts\/123986","targetHints":{"allow":["GET"]}}],"collection":[{"href":"https:\/\/www.europesays.com\/se\/wp-json\/wp\/v2\/posts"}],"about":[{"href":"https:\/\/www.europesays.com\/se\/wp-json\/wp\/v2\/types\/post"}],"author":[{"embeddable":true,"href":"https:\/\/www.europesays.com\/se\/wp-json\/wp\/v2\/users\/2"}],"replies":[{"embeddable":true,"href":"https:\/\/www.europesays.com\/se\/wp-json\/wp\/v2\/comments?post=123986"}],"version-history":[{"count":0,"href":"https:\/\/www.europesays.com\/se\/wp-json\/wp\/v2\/posts\/123986\/revisions"}],"wp:featuredmedia":[{"embeddable":true,"href":"https:\/\/www.europesays.com\/se\/wp-json\/wp\/v2\/media\/123987"}],"wp:attachment":[{"href":"https:\/\/www.europesays.com\/se\/wp-json\/wp\/v2\/media?parent=123986"}],"wp:term":[{"taxonomy":"category","embeddable":true,"href":"https:\/\/www.europesays.com\/se\/wp-json\/wp\/v2\/categories?post=123986"},{"taxonomy":"post_tag","embeddable":true,"href":"https:\/\/www.europesays.com\/se\/wp-json\/wp\/v2\/tags?post=123986"}],"curies":[{"name":"wp","href":"https:\/\/api.w.org\/{rel}","templated":true}]}}