{"id":123991,"date":"2026-01-02T20:31:25","date_gmt":"2026-01-02T20:31:25","guid":{"rendered":"https:\/\/www.europesays.com\/se\/123991\/"},"modified":"2026-01-02T20:31:25","modified_gmt":"2026-01-02T20:31:25","slug":"tusentals-stromlosa-i-gavleborg-efter-stormen","status":"publish","type":"post","link":"https:\/\/www.europesays.com\/se\/123991\/","title":{"rendered":"Tusentals str\u00f6ml\u00f6sa i G\u00e4vleborg efter stormen"},"content":{"rendered":"<p>Stormen Anna har n\u00e5tt sin kulmen med gula och orangea varningar f\u00f6r stora delar av Svealand och delar av Norrland \u2013 d\u00e4r en r\u00f6d varning ocks\u00e5 legat \u00f6ver G\u00e4vleborgs l\u00e4n under natten. Men \u00e4ven under fredagen v\u00e4ntas fortsatta problem.<\/p>\n<p>Vid klockan 08 p\u00e5 fredagen var \u00f6ver 6 200 kunder hos Ellevio, Eon och Vattenfall fortsatt str\u00f6ml\u00f6sa, med en majoritet i h\u00e5rt drabbade G\u00e4vleborg. Under fredagen finns en orange varning utf\u00e4rdad f\u00f6r sn\u00f6 i delar av l\u00e4net, d\u00e4r m\u00e5nga ocks\u00e5 k\u00e4nner av efterdyningarna av stormen Johannes.<\/p>\n","protected":false},"excerpt":{"rendered":"Stormen Anna har n\u00e5tt sin kulmen med gula och orangea varningar f\u00f6r stora delar av Svealand och delar&hellip;\n","protected":false},"author":2,"featured_media":123992,"comment_status":"","ping_status":"","sticky":false,"template":"","format":"standard","meta":{"footnotes":""},"categories":[5],"tags":[22,23,26,27,17,21,24,25,28,29,15,16,18,34,31,33,32,30,19,20],"class_list":{"0":"post-123991","1":"post","2":"type-post","3":"status-publish","4":"format-standard","5":"has-post-thumbnail","7":"category-rubriker","8":"tag-breaking-news","9":"tag-breakingnews","10":"tag-featured-news","11":"tag-featurednews","12":"tag-headlines","13":"tag-huvudnyheter","14":"tag-latest-news","15":"tag-latestnews","16":"tag-main-news","17":"tag-mainnews","18":"tag-news","19":"tag-nyheter","20":"tag-rubriker","21":"tag-se","22":"tag-svenska","23":"tag-sverige","24":"tag-sweden","25":"tag-swedish","26":"tag-top-stories","27":"tag-topstories"},"share_on_mastodon":{"url":"https:\/\/pubeurope.com\/@se\/115827407775872290","error":""},"_links":{"self":[{"href":"https:\/\/www.europesays.com\/se\/wp-json\/wp\/v2\/posts\/123991","targetHints":{"allow":["GET"]}}],"collection":[{"href":"https:\/\/www.europesays.com\/se\/wp-json\/wp\/v2\/posts"}],"about":[{"href":"https:\/\/www.europesays.com\/se\/wp-json\/wp\/v2\/types\/post"}],"author":[{"embeddable":true,"href":"https:\/\/www.europesays.com\/se\/wp-json\/wp\/v2\/users\/2"}],"replies":[{"embeddable":true,"href":"https:\/\/www.europesays.com\/se\/wp-json\/wp\/v2\/comments?post=123991"}],"version-history":[{"count":0,"href":"https:\/\/www.europesays.com\/se\/wp-json\/wp\/v2\/posts\/123991\/revisions"}],"wp:featuredmedia":[{"embeddable":true,"href":"https:\/\/www.europesays.com\/se\/wp-json\/wp\/v2\/media\/123992"}],"wp:attachment":[{"href":"https:\/\/www.europesays.com\/se\/wp-json\/wp\/v2\/media?parent=123991"}],"wp:term":[{"taxonomy":"category","embeddable":true,"href":"https:\/\/www.europesays.com\/se\/wp-json\/wp\/v2\/categories?post=123991"},{"taxonomy":"post_tag","embeddable":true,"href":"https:\/\/www.europesays.com\/se\/wp-json\/wp\/v2\/tags?post=123991"}],"curies":[{"name":"wp","href":"https:\/\/api.w.org\/{rel}","templated":true}]}}