{"id":123995,"date":"2026-01-02T20:40:29","date_gmt":"2026-01-02T20:40:29","guid":{"rendered":"https:\/\/www.europesays.com\/se\/123995\/"},"modified":"2026-01-02T20:40:29","modified_gmt":"2026-01-02T20:40:29","slug":"man-saknas-efter-skidtur-i-leksand-befaras-ha-gatt-genom-isen","status":"publish","type":"post","link":"https:\/\/www.europesays.com\/se\/123995\/","title":{"rendered":"Man saknas efter skidtur i Leksand \u2013 befaras ha g\u00e5tt genom isen"},"content":{"rendered":"<p><a data-test-tag=\"internal-link\" href=\"https:\/\/www.aftonbladet.se\/av\/nelly-kronstrand\" class=\"hyperion-css-13ns1rr\" rel=\"nofollow noopener\" target=\"\" aria-label=\"Se alla artiklar av Nelly Kronstrand\"><img decoding=\"async\" class=\"image-asset hyperion-css-n6kkq1\" data-test-tag=\"image-asset\" src=\"https:\/\/www.europesays.com\/se\/wp-content\/uploads\/2026\/01\/1767386429_624_c6303424-a7ea-4fb2-bd57-9a7a19eb40f3.png\"  alt=\"\"  loading=\"lazy\" fetchpriority=\"auto\" style=\"aspect-ratio:1900 \/ 1900\"\/><\/a><\/p>\n<p class=\"boxtextgrotesk-root_baa6 hyperion-css-7pajle\">Uppdaterad 21.34 | Publicerad 21.24<\/p>\n<p>share-arrowDela<\/p>\n<p>unsaveSpara<\/p>\n<p class=\"hyperion-css-1shl3oz\" data-test-tag=\"lead-text\">En man i 80-\u00e5rs\u00e5ldern \u00e5kte p\u00e5 l\u00e4ngdtur och misst\u00e4nks ha g\u00e5tt genom isen i Leksand. <\/p>\n<p class=\"hyperion-css-1shl3oz\" data-test-tag=\"lead-text\">Nu p\u00e5g\u00e5r en stor s\u00f6kinsats. <\/p>\n<p class=\"hyperion-css-1shl3oz\" data-test-tag=\"lead-text\">\u2013 Vi befarar att mannen omkommit, s\u00e4ger  Sophia Jiglind vid polisen. <\/p>\n<p class=\"hyperion-css-1v9qo5x\">I \u00f6ver fem timmar har mannen varit f\u00f6rsvunnen efter en l\u00e4ngdtur i <a data-test-tag=\"internal-link\" href=\"https:\/\/www.aftonbladet.se\/lokala-nyheter\/leksand\" class=\"hyperion-css-15jkft9\" rel=\"nofollow noopener\" target=\"\" aria-label=\"Leksand\">Leksand<\/a>. <\/p>\n<p class=\"hyperion-css-1v9qo5x\">Polisen har genomf\u00f6rt ett st\u00f6rre s\u00f6kp\u00e5drag. <\/p>\n<p class=\"hyperion-css-1v9qo5x\">\u2013\u00a0Vi har hittat sp\u00e5r som leder fram till en vak. Mannen befaras tyv\u00e4rr ha g\u00e5tt genom isen och omkommit, s\u00e4ger Sophia Jiglind, presstalesperson vid polisen. <\/p>\n<p class=\"hyperion-css-1v9qo5x\">Mannen, som \u00e4r i 80-\u00e5rs\u00e5ldern, anm\u00e4ldes f\u00f6rsvunnen vid 16.30-tiden. <\/p>\n<p class=\"hyperion-css-1v9qo5x\">\u2013\u00a0D\u00e5 hade han varit borta en tid. Mannen befann sig ute p\u00e5 en tur p\u00e5 l\u00e4ngdskidor, men kom inte tillbaka som t\u00e4nkt, s\u00e4ger Sophia Jiglind. <\/p>\n<p class=\"hyperion-css-1v9qo5x\">Polis, ambulans och r\u00e4ddningstj\u00e4nst har arbetat med s\u00f6kinsatsen.<\/p>\n<p class=\"hyperion-css-1v9qo5x\">\u2013 R\u00e4ddningstj\u00e4nsten gjorde f\u00f6rst ett f\u00f6rs\u00f6k att ta sig ut till vaken och d\u00e5 brast isen, s\u00e5 tyv\u00e4rr var det verkligen inte en s\u00e4ker plats. <\/p>\n<p class=\"hyperion-css-1v9qo5x\">Polisi\u00e4r dykare har nu kallats in f\u00f6r att forts\u00e4tta s\u00f6karbetet. <\/p>\n<p class=\"hyperion-css-1v9qo5x\">Anh\u00f6riga \u00e4r underr\u00e4ttade om omst\u00e4ndigheterna. <\/p>\n","protected":false},"excerpt":{"rendered":"Uppdaterad 21.34 | Publicerad 21.24 share-arrowDela unsaveSpara En man i 80-\u00e5rs\u00e5ldern \u00e5kte p\u00e5 l\u00e4ngdtur och misst\u00e4nks ha g\u00e5tt&hellip;\n","protected":false},"author":2,"featured_media":465,"comment_status":"","ping_status":"","sticky":false,"template":"","format":"standard","meta":{"footnotes":""},"categories":[5],"tags":[22,23,26,27,17,21,24,25,28,29,15,16,18,34,31,33,32,30,19,20],"class_list":{"0":"post-123995","1":"post","2":"type-post","3":"status-publish","4":"format-standard","5":"has-post-thumbnail","7":"category-rubriker","8":"tag-breaking-news","9":"tag-breakingnews","10":"tag-featured-news","11":"tag-featurednews","12":"tag-headlines","13":"tag-huvudnyheter","14":"tag-latest-news","15":"tag-latestnews","16":"tag-main-news","17":"tag-mainnews","18":"tag-news","19":"tag-nyheter","20":"tag-rubriker","21":"tag-se","22":"tag-svenska","23":"tag-sverige","24":"tag-sweden","25":"tag-swedish","26":"tag-top-stories","27":"tag-topstories"},"share_on_mastodon":{"url":"https:\/\/pubeurope.com\/@se\/115827443165560975","error":""},"_links":{"self":[{"href":"https:\/\/www.europesays.com\/se\/wp-json\/wp\/v2\/posts\/123995","targetHints":{"allow":["GET"]}}],"collection":[{"href":"https:\/\/www.europesays.com\/se\/wp-json\/wp\/v2\/posts"}],"about":[{"href":"https:\/\/www.europesays.com\/se\/wp-json\/wp\/v2\/types\/post"}],"author":[{"embeddable":true,"href":"https:\/\/www.europesays.com\/se\/wp-json\/wp\/v2\/users\/2"}],"replies":[{"embeddable":true,"href":"https:\/\/www.europesays.com\/se\/wp-json\/wp\/v2\/comments?post=123995"}],"version-history":[{"count":0,"href":"https:\/\/www.europesays.com\/se\/wp-json\/wp\/v2\/posts\/123995\/revisions"}],"wp:featuredmedia":[{"embeddable":true,"href":"https:\/\/www.europesays.com\/se\/wp-json\/wp\/v2\/media\/465"}],"wp:attachment":[{"href":"https:\/\/www.europesays.com\/se\/wp-json\/wp\/v2\/media?parent=123995"}],"wp:term":[{"taxonomy":"category","embeddable":true,"href":"https:\/\/www.europesays.com\/se\/wp-json\/wp\/v2\/categories?post=123995"},{"taxonomy":"post_tag","embeddable":true,"href":"https:\/\/www.europesays.com\/se\/wp-json\/wp\/v2\/tags?post=123995"}],"curies":[{"name":"wp","href":"https:\/\/api.w.org\/{rel}","templated":true}]}}