{"id":123996,"date":"2026-01-02T20:42:09","date_gmt":"2026-01-02T20:42:09","guid":{"rendered":"https:\/\/www.europesays.com\/se\/123996\/"},"modified":"2026-01-02T20:42:09","modified_gmt":"2026-01-02T20:42:09","slug":"krisitan-luuks-felsagning-i-pa-sparet-amy-diamond","status":"publish","type":"post","link":"https:\/\/www.europesays.com\/se\/123996\/","title":{"rendered":"Krisitan Luuks fels\u00e4gning i P\u00e5 sp\u00e5ret: Amy Diamond"},"content":{"rendered":"<p>Publicerad 2 jan 2026 kl 21.17Uppdaterad kl 21.40<\/p>\n<p>Kristian Luuk kallade Amy Deasismont f\u00f6r \u201dAmy Diamond\u201d i \u201dP\u00e5 sp\u00e5ret\u201d och verkade sen n\u00e4st intill drabbas av panik.<br \/>\u2013 F\u00f6rl\u00e5t! F\u00f6rl\u00e5t! Sorry!<\/p>\n<p><img   alt=\"\"\/><\/p>\n<p>Kristian Luuk tog sig f\u00f6rf\u00e4rat f\u00f6r munnen efter att ha sagt fel namn till Amy Deasismont.<\/p>\n<p>Foto: SVT<\/p>\n<p>\u00d6ppna bild i helsk\u00e4rm<img loading=\"lazy\"   alt=\"\"\/><\/p>\n<p>Amy Deasismont, verkade inte ha n\u00e5got st\u00f6rre problem med att bli kallad f\u00f6r sitt gamla artistnamn.<\/p>\n<p>\u00d6ppna bild i helsk\u00e4rm<\/p>\n<p>Under kv\u00e4llens \u201dP\u00e5 sp\u00e5ret\u201d hade den f\u00f6rsta resan precis visats n\u00e4r programledaren <a href=\"https:\/\/www.expressen.se\/tagg\/person\/kristian-luuk\/\" class=\"\" rel=\"nofollow noopener\" target=\"_blank\">Kristian Luuk<\/a> v\u00e4nde sig mot deltagarburarna.\u00a0<\/p>\n<p>I den ena; sk\u00e5despelaren Amy Deasismont och artisten Uje Brandelius och i den andra komikern Messiah Hallberg och entrepen\u00f6ren Sara Wimmercranz.<\/p>\n<p>\u2013 Nu kommer det en massa fr\u00e5gefilmer. P\u00e5 vilken stad d\u00e5, Amy Diamond? fr\u00e5gade Luuk, men utbrast i n\u00e4sta \u00f6gonblick ett f\u00f6rf\u00e4rat \u201dNEJ!\u201d och tog sig f\u00f6r munnen.<\/p>\n<p>Samtidigt som Amy Deasismont brast ut i ett gapskratt fortsatte Luuk att urs\u00e4kta sig:\u00a0<\/p>\n<p>\u2013 F\u00f6rl\u00e5t! F\u00f6rl\u00e5t! Sorry!\u00a0<\/p>\n<p>\u2013 Calcutta, svarade Deasismont, p\u00e5 fr\u00e5gan som nyss st\u00e4llts.\u00a0<\/p>\n<p>Men Luuk var inte redo att l\u00e4mna sin fels\u00e4gning.<\/p>\n<p>\u2013 Jag f\u00e5r inte kalla dig f\u00f6r Amy Diamond, du heter ju Amy Deasismont.<\/p>\n<p>\u2013 Jag har inte sagt att du inte f\u00e5r det, replikerade sk\u00e5despelaren d\u00e5.<\/p>\n<p>\u2013\u00a0Nej, jag har sagt till mig sj\u00e4lv att jag inte ska kalla dig det du hette som barnstj\u00e4rna. F\u00f6rl\u00e5t, \u00a0sa Luuk, men Deasismont hade en m\u00f6jlig f\u00f6rklaring till fels\u00e4gningen.<\/p>\n<p>\u2013 Du kanske b\u00f6rjar bli s\u00e5 trygg med mig att det bara kommer, f\u00f6reslog hon och fick medh\u00e5ll fr\u00e5n domaren Fredrik Lindstr\u00f6m:<\/p>\n<p>\u2013 Ja, det \u00e4r en bra f\u00f6rklaring, sa Lindstr\u00f6m och Deasismont fortsatte:<\/p>\n<p>\u2013 Det \u00e4r helt okej&#8230; Calcutta, sa hon och styrde d\u00e4rmed tillbaka fokuset till t\u00e4vlingen.\u00a0<\/p>\n","protected":false},"excerpt":{"rendered":"Publicerad 2 jan 2026 kl 21.17Uppdaterad kl 21.40 Kristian Luuk kallade Amy Deasismont f\u00f6r \u201dAmy Diamond\u201d i \u201dP\u00e5&hellip;\n","protected":false},"author":2,"featured_media":123997,"comment_status":"","ping_status":"","sticky":false,"template":"","format":"standard","meta":{"footnotes":""},"categories":[68],"tags":[5222,13017,1292,13028,13018,34,111,110,31,33,32,30,646],"class_list":{"0":"post-123996","1":"post","2":"type-post","3":"status-publish","4":"format-standard","5":"has-post-thumbnail","7":"category-sport","8":"tag-organization-pa-sparet","9":"tag-person-amy-deasismont","10":"tag-person-fredrik-lindstrom","11":"tag-person-kristian-luuk","12":"tag-person-uje-brandelius","13":"tag-se","14":"tag-sport","15":"tag-sports","16":"tag-svenska","17":"tag-sverige","18":"tag-sweden","19":"tag-swedish","20":"tag-topic-tv-serier"},"share_on_mastodon":{"url":"https:\/\/pubeurope.com\/@se\/115827451172788122","error":""},"_links":{"self":[{"href":"https:\/\/www.europesays.com\/se\/wp-json\/wp\/v2\/posts\/123996","targetHints":{"allow":["GET"]}}],"collection":[{"href":"https:\/\/www.europesays.com\/se\/wp-json\/wp\/v2\/posts"}],"about":[{"href":"https:\/\/www.europesays.com\/se\/wp-json\/wp\/v2\/types\/post"}],"author":[{"embeddable":true,"href":"https:\/\/www.europesays.com\/se\/wp-json\/wp\/v2\/users\/2"}],"replies":[{"embeddable":true,"href":"https:\/\/www.europesays.com\/se\/wp-json\/wp\/v2\/comments?post=123996"}],"version-history":[{"count":0,"href":"https:\/\/www.europesays.com\/se\/wp-json\/wp\/v2\/posts\/123996\/revisions"}],"wp:featuredmedia":[{"embeddable":true,"href":"https:\/\/www.europesays.com\/se\/wp-json\/wp\/v2\/media\/123997"}],"wp:attachment":[{"href":"https:\/\/www.europesays.com\/se\/wp-json\/wp\/v2\/media?parent=123996"}],"wp:term":[{"taxonomy":"category","embeddable":true,"href":"https:\/\/www.europesays.com\/se\/wp-json\/wp\/v2\/categories?post=123996"},{"taxonomy":"post_tag","embeddable":true,"href":"https:\/\/www.europesays.com\/se\/wp-json\/wp\/v2\/tags?post=123996"}],"curies":[{"name":"wp","href":"https:\/\/api.w.org\/{rel}","templated":true}]}}