{"id":123998,"date":"2026-01-02T20:43:07","date_gmt":"2026-01-02T20:43:07","guid":{"rendered":"https:\/\/www.europesays.com\/se\/123998\/"},"modified":"2026-01-02T20:43:07","modified_gmt":"2026-01-02T20:43:07","slug":"trad-foll-over-nassim-al-fakirs-lina-hedlunds-hus-nya-oron","status":"publish","type":"post","link":"https:\/\/www.europesays.com\/se\/123998\/","title":{"rendered":"Tr\u00e4d f\u00f6ll \u00f6ver Nassim Al Fakirs &#038; Lina Hedlunds hus \u2013 nya oron"},"content":{"rendered":"<p>Publicerad 2 jan 2026 kl 21.03Uppdaterad kl 21.28<\/p>\n<p>Ett tr\u00e4d f\u00f6ll \u00f6ver Nassim Al Fakir och Lina Hedlunds nyink\u00f6pta fastighet i stormen.<\/p>\n<p>En vecka senare \u00e4r det fortfarande str\u00f6ml\u00f6st i den lilla byn i H\u00e4lsingland \u2013 och ett tr\u00e4d till riskerar att falla \u00f6ver huset.<\/p>\n<p>\u2013 Det har varit helt kaos i omr\u00e5det d\u00e4r vi har v\u00e5rt st\u00e4lle, s\u00e4ger Nassim Al Fakir.<\/p>\n<p><img   alt=\"\"\/><\/p>\n<p>Nassim Al Fakir.<\/p>\n<p>Foto: OLLE SPORRONG<\/p>\n<p>\u00d6ppna bild i helsk\u00e4rm<img loading=\"lazy\"   alt=\"\"\/><\/p>\n<p>Lina Hedlund.<\/p>\n<p>Foto: OLLE SPORRONG<\/p>\n<p>\u00d6ppna bild i helsk\u00e4rm<\/p>\n<p>I somras k\u00f6pte Nassim Al Fakir, 48, och <a href=\"https:\/\/www.expressen.se\/tagg\/person\/lina-hedlund\/\" class=\"\" rel=\"nofollow noopener\" target=\"_blank\">Lina Hedlund<\/a>, 47, ett hus i Kilafors i H\u00e4lsingland som Hedlund ursprungligen kommer ifr\u00e5n.<\/p>\n<p>Paret hade precis b\u00f6rjat riva ut och fixa i huset n\u00e4r stormen Johannes slog till f\u00f6rra veckan.<\/p>\n<p>Den kraftiga stormen fick ett tr\u00e4d att falla ner \u00f6ver en stuga p\u00e5 tomten. Paret hade dock tur i oturen och hade satt upp byggnadsst\u00e4llningar runt stugan f\u00f6r att renovera och st\u00e4llningarna tog mycket av fallet.<\/p>\n<p>Metervis med sn\u00f6 \u2013 avr\u00e5dan<\/p>\n<p>I nul\u00e4get vet inte paret hur pass stora skador tr\u00e4det har orsakat eftersom de inte har varit d\u00e4r.<\/p>\n<p>\u2013 Alla som \u00e4r utanf\u00f6r omr\u00e5det rekommenderar de att inte \u00e5ka dit. F\u00f6r man kommer inte fram, och de kommer inte d\u00e4rifr\u00e5n, s\u00e4ger Nassim Al Fakir som bland annat ber\u00e4ttar att det \u00e4r sv\u00e5rt att ploga i omr\u00e5det d\u00e5 det \u00e4r metervis med sn\u00f6.<\/p>\n<p>Paret har kontakt med flera som befinner sig d\u00e4r, bland annat Lina Hedlunds mamma. De som \u00e4r kvar i omr\u00e5det har sv\u00e5rt att h\u00e5lla v\u00e4rmen och m\u00e5ste bland annat h\u00e4mta vatten och v\u00e4rma upp det, enligt tv-profilen.<\/p>\n<p>\u2013 Vi lider med dem och f\u00f6rs\u00f6ker st\u00f6tta dem, s\u00e4ger Al Fakir.<\/p>\n<p>Nytt tr\u00e4d riskerar falla<\/p>\n<p>Det finns ocks\u00e5 ett orosmoment till: \u00c4nnu ett tr\u00e4d som har svajat rej\u00e4lt i stormen Anna som nu h\u00e4rjar i omr\u00e5det.<\/p>\n<p>\u2013 Man blir lite r\u00e4dd f\u00f6r man vet inte vad som ska h\u00e4nda, s\u00e4ger 48-\u00e5ringen som dock ber\u00e4ttar att v\u00e4derprognosen ser b\u00e4ttre ut fram\u00f6ver.<\/p>\n<p>Situationen har gjort att paret har kommit n\u00e4ra sina nya grannar. N\u00e5gra av grannarna har till och med tagit bort tr\u00e4det fr\u00e5n stugtaket.<\/p>\n<p>\u2013 Vi har en v\u00e4ldigt fin liten by som vi renoverar hus p\u00e5. Det \u00e4r en v\u00e4ldigt fin gemenskap, s\u00e5 man blir ju ocks\u00e5 v\u00e4ldigt glad i att det finns en k\u00e4mpargl\u00f6d tillsammans.<\/p>\n<p><a href=\"https:\/\/www.instagram.com\/p\/DSzNxa8AuOK\/?hidecaption=true\" data-provider=\"instagram\" class=\"js-social-embed\" rel=\"nofollow noopener\" target=\"_blank\">https:\/\/www.instagram.com\/p\/DSzNxa8AuOK\/?hidecaption=true<\/a><a href=\"https:\/\/www.instagram.com\/p\/DTADXQ4ggPb\/?hidecaption=true\" data-provider=\"instagram\" class=\"js-social-embed\" rel=\"nofollow noopener\" target=\"_blank\">https:\/\/www.instagram.com\/p\/DTADXQ4ggPb\/?hidecaption=true<\/a><script async src=\"\/\/www.instagram.com\/embed.js\"><\/script><\/p>\n","protected":false},"excerpt":{"rendered":"Publicerad 2 jan 2026 kl 21.03Uppdaterad kl 21.28 Ett tr\u00e4d f\u00f6ll \u00f6ver Nassim Al Fakir och Lina Hedlunds&hellip;\n","protected":false},"author":2,"featured_media":123999,"comment_status":"","ping_status":"","sticky":false,"template":"","format":"standard","meta":{"footnotes":""},"categories":[67],"tags":[104,4397,447,13029,34,31,33,32,30,310,105],"class_list":{"0":"post-123998","1":"post","2":"type-post","3":"status-publish","4":"format-standard","5":"has-post-thumbnail","7":"category-underhallning","8":"tag-entertainment","9":"tag-location-halsingland","10":"tag-person-lina-hedlund","11":"tag-person-nassim-al-fakir","12":"tag-se","13":"tag-svenska","14":"tag-sverige","15":"tag-sweden","16":"tag-swedish","17":"tag-topic-kandisar","18":"tag-underhallning"},"share_on_mastodon":{"url":"https:\/\/pubeurope.com\/@se\/115827454983922141","error":""},"_links":{"self":[{"href":"https:\/\/www.europesays.com\/se\/wp-json\/wp\/v2\/posts\/123998","targetHints":{"allow":["GET"]}}],"collection":[{"href":"https:\/\/www.europesays.com\/se\/wp-json\/wp\/v2\/posts"}],"about":[{"href":"https:\/\/www.europesays.com\/se\/wp-json\/wp\/v2\/types\/post"}],"author":[{"embeddable":true,"href":"https:\/\/www.europesays.com\/se\/wp-json\/wp\/v2\/users\/2"}],"replies":[{"embeddable":true,"href":"https:\/\/www.europesays.com\/se\/wp-json\/wp\/v2\/comments?post=123998"}],"version-history":[{"count":0,"href":"https:\/\/www.europesays.com\/se\/wp-json\/wp\/v2\/posts\/123998\/revisions"}],"wp:featuredmedia":[{"embeddable":true,"href":"https:\/\/www.europesays.com\/se\/wp-json\/wp\/v2\/media\/123999"}],"wp:attachment":[{"href":"https:\/\/www.europesays.com\/se\/wp-json\/wp\/v2\/media?parent=123998"}],"wp:term":[{"taxonomy":"category","embeddable":true,"href":"https:\/\/www.europesays.com\/se\/wp-json\/wp\/v2\/categories?post=123998"},{"taxonomy":"post_tag","embeddable":true,"href":"https:\/\/www.europesays.com\/se\/wp-json\/wp\/v2\/tags?post=123998"}],"curies":[{"name":"wp","href":"https:\/\/api.w.org\/{rel}","templated":true}]}}