{"id":124003,"date":"2026-01-02T20:50:23","date_gmt":"2026-01-02T20:50:23","guid":{"rendered":"https:\/\/www.europesays.com\/se\/124003\/"},"modified":"2026-01-02T20:50:23","modified_gmt":"2026-01-02T20:50:23","slug":"uppgifter-phzy-varvas-av-storlaget-astralis-e-sport","status":"publish","type":"post","link":"https:\/\/www.europesays.com\/se\/124003\/","title":{"rendered":"Uppgifter: Phzy v\u00e4rvas av storlaget Astralis | E-sport"},"content":{"rendered":"<p>Publicerad 2 jan 2026 kl 10.29<\/p>\n<p>F\u00f6rst b\u00e4nkades svenska j\u00e4ttel\u00f6ftet i CS.<\/p>\n<p>Nu uppges ocks\u00e5 Phzy vara p\u00e5 v\u00e4g till danska storlaget Astralis, <a href=\"https:\/\/www.hltv.org\/news\/43538\/sources-astralis-set-to-sign-phzy\" rel=\"nofollow noopener\" target=\"_blank\">enligt HLTV<\/a>.<\/p>\n<p><img   alt=\"\"\/><\/p>\n<p>Love \u201dPhzy\u201d Smidebrant.<\/p>\n<p>Foto: Stephanie Lindgren \/ Blast.tv<\/p>\n<p>\u00d6ppna bild i helsk\u00e4rm<\/p>\n<p>Tidigare i veckan kom bombbeskedet att svenska j\u00e4ttel\u00f6ftet Liam \u201dMail09\u201d T\u00fcgel, 16, har b\u00e4nkats av Metizport.<\/p>\n<p>Det var d\u00e4remot inte veckans enda svenska bomb inom Counter-Strike.<\/p>\n<p>Nu st\u00e5r det n\u00e4mligen ocks\u00e5 klart att Love \u201dPhzy\u201d Smidebrant, 23, kommer l\u00e4mna 9ine \u2013 <a href=\"https:\/\/x.com\/9INEGG\/status\/2006772410247434428\" rel=\"nofollow\">som bekr\u00e4ftar<\/a> att han k\u00f6pts av en icke-namngiven klubb.<\/p>\n<p>V\u00e4rvas av Astralis<\/p>\n<p><a href=\"https:\/\/www.hltv.org\/news\/43538\/sources-astralis-set-to-sign-phzy\" rel=\"nofollow noopener\" target=\"_blank\">Enligt HLTV<\/a> \u00e4r det danska storlaget Astralis, tillika tidernas mest framg\u00e5ngsrika lag, som blir Phzys n\u00e4sta klubbadress.\u00a0<\/p>\n<p>Han tar d\u00e4rmed \u00f6ver AWP-rollen fr\u00e5n ingen mindre \u00e4n Dev1ce, som \u00e4r p\u00e5 v\u00e4g att l\u00e4mna Astralis f\u00f6r 100Thieves enligt sajtens uppgifter.<\/p>\n<p>Om uppgifterna kring Phzy st\u00e4mmer s\u00e5 blir det f\u00f6rsta g\u00e5ngen som Astralis kommer ha en internationell femma i st\u00e4llet f\u00f6r en heldansk sen organisationen startades.<\/p>\n<p><strong>F\u00f6lj Expressen E-sport p\u00e5 <\/strong><a href=\"https:\/\/www.youtube.com\/@Expressen-esport\" rel=\"nofollow noopener\" target=\"_blank\"><strong>Youtube<\/strong><\/a><strong> och <\/strong><a href=\"https:\/\/twitter.com\/ESportExpressen\" rel=\"nofollow noopener\" target=\"_blank\"><strong>X<\/strong><\/a><strong>!<\/strong><\/p>\n<p><script async src=\"https:\/\/platform.twitter.com\/widgets.js\" charset=\"utf-8\"><\/script><\/p>\n","protected":false},"excerpt":{"rendered":"Publicerad 2 jan 2026 kl 10.29 F\u00f6rst b\u00e4nkades svenska j\u00e4ttel\u00f6ftet i CS. Nu uppges ocks\u00e5 Phzy vara p\u00e5&hellip;\n","protected":false},"author":2,"featured_media":124004,"comment_status":"","ping_status":"","sticky":false,"template":"","format":"standard","meta":{"footnotes":""},"categories":[68],"tags":[2440,34,755,111,110,31,33,32,30],"class_list":{"0":"post-124003","1":"post","2":"type-post","3":"status-publish","4":"format-standard","5":"has-post-thumbnail","7":"category-sport","8":"tag-organization-cs2","9":"tag-se","10":"tag-sections-esport","11":"tag-sport","12":"tag-sports","13":"tag-svenska","14":"tag-sverige","15":"tag-sweden","16":"tag-swedish"},"share_on_mastodon":{"url":"https:\/\/pubeurope.com\/@se\/115827482450592172","error":""},"_links":{"self":[{"href":"https:\/\/www.europesays.com\/se\/wp-json\/wp\/v2\/posts\/124003","targetHints":{"allow":["GET"]}}],"collection":[{"href":"https:\/\/www.europesays.com\/se\/wp-json\/wp\/v2\/posts"}],"about":[{"href":"https:\/\/www.europesays.com\/se\/wp-json\/wp\/v2\/types\/post"}],"author":[{"embeddable":true,"href":"https:\/\/www.europesays.com\/se\/wp-json\/wp\/v2\/users\/2"}],"replies":[{"embeddable":true,"href":"https:\/\/www.europesays.com\/se\/wp-json\/wp\/v2\/comments?post=124003"}],"version-history":[{"count":0,"href":"https:\/\/www.europesays.com\/se\/wp-json\/wp\/v2\/posts\/124003\/revisions"}],"wp:featuredmedia":[{"embeddable":true,"href":"https:\/\/www.europesays.com\/se\/wp-json\/wp\/v2\/media\/124004"}],"wp:attachment":[{"href":"https:\/\/www.europesays.com\/se\/wp-json\/wp\/v2\/media?parent=124003"}],"wp:term":[{"taxonomy":"category","embeddable":true,"href":"https:\/\/www.europesays.com\/se\/wp-json\/wp\/v2\/categories?post=124003"},{"taxonomy":"post_tag","embeddable":true,"href":"https:\/\/www.europesays.com\/se\/wp-json\/wp\/v2\/tags?post=124003"}],"curies":[{"name":"wp","href":"https:\/\/api.w.org\/{rel}","templated":true}]}}