{"id":124007,"date":"2026-01-02T20:57:09","date_gmt":"2026-01-02T20:57:09","guid":{"rendered":"https:\/\/www.europesays.com\/se\/124007\/"},"modified":"2026-01-02T20:57:09","modified_gmt":"2026-01-02T20:57:09","slug":"minnesotas-malvaktssensation-jesper-wallstedt-far-os-biljett","status":"publish","type":"post","link":"https:\/\/www.europesays.com\/se\/124007\/","title":{"rendered":"Minnesotas m\u00e5lvaktssensation Jesper Wallstedt f\u00e5r OS-biljett"},"content":{"rendered":"<p>\u2013 F\u00f6r mig \u00e4r Alexander Wennberg spelaren som s\u00e4tter f\u00f6tterna r\u00e4tt hela tiden. Han vet vad han ska g\u00f6ra och \u00e4r en v\u00e4ldigt anv\u00e4ndbar spelare som gjorde ett mycket bra VM i Stockholm senast.<\/p>\n<p>En viktig kugge i anfallsspelet \u00e4r Minnesotas Joel Eriksson Ek:<br \/>\u2013 Han \u00e4r ju en best, han har en enorm arbetskapacitet och lungor som g\u00e5r fullt ut, djupt in i bytena. Han leder p\u00e5 sitt s\u00e4tt genom att g\u00e5 rakt fram och igenom vad som helst, konstaterar Sam Hallam.<\/p>\n<p>Som ocks\u00e5 valde att satsa p\u00e5 Vancouvers Elias Pettersson, ett namn som diskuterats fram och tillbaka, inte bara i bland de OS- och hockeyintresserade svenskarna.<\/p>\n<p>\u2013 Alla vet att han hade en tuff resa i fjol, men i \u00e5r \u00e4r det en helt annan Elias vi ser; han kliver in h\u00e5rt i n\u00e4rkamperna, han t\u00e4cker skott, han tar de tuffaste jobben i Canucks. Det ska bli kul att f\u00e5 se honom i OS.<\/p>\n<p>F\u00f6rbundskapten Sam Hallam fick fr\u00e5gor om tv\u00e5 namn som m\u00e5nga ans\u00e5g saknades bland forwards: Minnesotas Marcus Johansson och Calgarys Mikael Backlund. Tv\u00e5 spelare som g\u00e5r bra i sina klubblag just nu.<\/p>\n<p>\u2013 Vi har en backup-lista p\u00e5 35 namn, men jag vill inte g\u00e5 in p\u00e5 vilka som st\u00e5r h\u00f6gst p\u00e5 den, sade Sam Hallam.<\/p>\n<p>Till sin hj\u00e4lp att ta ut laget har Hallam haft en ledningsstab med i f\u00f6rsta hand general managern Josef Boumedienne, Chicagos assisterande tr\u00e4nare Anders S\u00f6rensen och bollplanket Alexander Steen, Stanley Cup-m\u00e4stare med St. Louis Blues 2019 och nu assistent till Blues general manager.<\/p>\n<p>\u2013 Jag och Alex har haft n\u00e4stintill daglig kontakt sedan oktober; han har varit minst lika involverad i det h\u00e4r som Josef och jag.<\/p>\n<p>Tre Kronor inleder det olympiska \u00e4ventyret i Milano den 11 februari, och tv\u00e5 dagar senare, fredagen den 13 februari v\u00e4ntar Finland. Ledarstaben har bra koll p\u00e5 motst\u00e5ndet. I alla fall n\u00e4stan\u2026<\/p>\n<p>\u2013 Vi har scoutat de flesta lagen, och de vi inte har tittat p\u00e5 de tar vi under resans g\u00e5ng. Det lag vi har s\u00e4mst koll p\u00e5 \u00e4r Italien som vi m\u00f6ter i premi\u00e4ren. Det \u00e4r kanske det laget i OS som haft mest tid ihop, och alla vet ju vad det skulle betyda f\u00f6r dem att sl\u00e5 oss p\u00e5 sin hemmaplan. S\u00e5 redan d\u00e4r kommer vi att f\u00e5 bek\u00e4nna f\u00e4rg, s\u00e4ger Sam Hallam. Efter den matchen summerar vi och tar ny sats mot n\u00e4sta.<\/p>\n","protected":false},"excerpt":{"rendered":"\u2013 F\u00f6r mig \u00e4r Alexander Wennberg spelaren som s\u00e4tter f\u00f6tterna r\u00e4tt hela tiden. Han vet vad han ska&hellip;\n","protected":false},"author":2,"featured_media":124008,"comment_status":"","ping_status":"","sticky":false,"template":"","format":"standard","meta":{"footnotes":""},"categories":[5],"tags":[22,23,26,27,17,21,24,25,28,29,15,16,18,34,31,33,32,30,19,20],"class_list":{"0":"post-124007","1":"post","2":"type-post","3":"status-publish","4":"format-standard","5":"has-post-thumbnail","7":"category-rubriker","8":"tag-breaking-news","9":"tag-breakingnews","10":"tag-featured-news","11":"tag-featurednews","12":"tag-headlines","13":"tag-huvudnyheter","14":"tag-latest-news","15":"tag-latestnews","16":"tag-main-news","17":"tag-mainnews","18":"tag-news","19":"tag-nyheter","20":"tag-rubriker","21":"tag-se","22":"tag-svenska","23":"tag-sverige","24":"tag-sweden","25":"tag-swedish","26":"tag-top-stories","27":"tag-topstories"},"share_on_mastodon":{"url":"https:\/\/pubeurope.com\/@se\/115827510053173991","error":""},"_links":{"self":[{"href":"https:\/\/www.europesays.com\/se\/wp-json\/wp\/v2\/posts\/124007","targetHints":{"allow":["GET"]}}],"collection":[{"href":"https:\/\/www.europesays.com\/se\/wp-json\/wp\/v2\/posts"}],"about":[{"href":"https:\/\/www.europesays.com\/se\/wp-json\/wp\/v2\/types\/post"}],"author":[{"embeddable":true,"href":"https:\/\/www.europesays.com\/se\/wp-json\/wp\/v2\/users\/2"}],"replies":[{"embeddable":true,"href":"https:\/\/www.europesays.com\/se\/wp-json\/wp\/v2\/comments?post=124007"}],"version-history":[{"count":0,"href":"https:\/\/www.europesays.com\/se\/wp-json\/wp\/v2\/posts\/124007\/revisions"}],"wp:featuredmedia":[{"embeddable":true,"href":"https:\/\/www.europesays.com\/se\/wp-json\/wp\/v2\/media\/124008"}],"wp:attachment":[{"href":"https:\/\/www.europesays.com\/se\/wp-json\/wp\/v2\/media?parent=124007"}],"wp:term":[{"taxonomy":"category","embeddable":true,"href":"https:\/\/www.europesays.com\/se\/wp-json\/wp\/v2\/categories?post=124007"},{"taxonomy":"post_tag","embeddable":true,"href":"https:\/\/www.europesays.com\/se\/wp-json\/wp\/v2\/tags?post=124007"}],"curies":[{"name":"wp","href":"https:\/\/api.w.org\/{rel}","templated":true}]}}