{"id":124020,"date":"2026-01-02T21:29:35","date_gmt":"2026-01-02T21:29:35","guid":{"rendered":"https:\/\/www.europesays.com\/se\/124020\/"},"modified":"2026-01-02T21:29:35","modified_gmt":"2026-01-02T21:29:35","slug":"02-januari-07-04-sammanfattning-natt-jamtlands-lan-polisen-se","status":"publish","type":"post","link":"https:\/\/www.europesays.com\/se\/124020\/","title":{"rendered":"02 januari 07.04, Sammanfattning natt, J\u00e4mtlands l\u00e4n &#8211; polisen.se"},"content":{"rendered":"<ol>\n<li><a href=\"https:\/\/news.google.com\/rss\/articles\/CBMipwFBVV95cUxOelVzMTBWckFYYlBURVlkYXVYYnBFRmM3SE9feS11R2ZKeWlhQkRIb1llSUlaN3BKeE9QZm5FS2RrYWlsTC00TElmbG1LUUlOLVd0c1lrcUp3azVHdkVPSnBvdk9zNndvcXp1aDdDbEVtT0hma3FHMzg2dnJMSEdWLUdrNGpLa0gyNjhMWXlFX3FyMUVUOEVMMHV1emtvMkk2NTVoMmdLbw?oc=5\" target=\"_blank\" rel=\"nofollow noopener\">02 januari 07.04, Sammanfattning natt, J\u00e4mtlands l\u00e4n<\/a>&nbsp;&nbsp;polisen.se<\/li>\n<li><a href=\"https:\/\/news.google.com\/rss\/articles\/CBMingFBVV95cUxNNHB1T2RwMG5LRFBuSkExYWxyazlGaDh3SXNsNV9ROTg4ZFFmUGJqMFZvSndWVEZ2aWpRUWNreXcwNXhiRlBJS3dJVWRaWTFXcGljRDlvdTBPZ1pKbTNIblY2RzlOUlhIbzl0TDZfeTBqOVphYmNQZHFOUTVjNmVpN2l0ckNyeFFBakR2WnZFUXctdTN4WW1JbU1TbXZuUQ?oc=5\" target=\"_blank\" rel=\"nofollow noopener\">S\u00e5 var ny\u00e5rsnatten \u2013 17 togs om hand f\u00f6r fylla<\/a>&nbsp;&nbsp;Sveriges Radio<\/li>\n<li><a href=\"https:\/\/news.google.com\/rss\/articles\/CBMibEFVX3lxTE1XcGVwbG5jLXY1U3A0aWNkZ1FRTFRZb2xyWWZ2MVB4S1kySDRfVGtza1FEWjFGcU9LeWVLeElMdGxmU2RKcy10cmJCXzFfbEJSUUJSeWRGc1RXTi1neHBQZGJsd0hnWWROeHBwYg?oc=5\" target=\"_blank\" rel=\"nofollow noopener\">Fylla, slagsm\u00e5l och brand \u2013 s\u00e5 var natten f\u00f6r polisen<\/a>&nbsp;&nbsp;\u00d6stersunds-Posten<\/li>\n<li><a href=\"https:\/\/news.google.com\/rss\/articles\/CBMi0gFBVV95cUxPZXIwb0JLcnpDQVIyazMtV0Npc2lLdDBldG9xLTJldnVoSUlKbWZ3bjdQTktwRUVvZlMyTUxSYVE3UUtmMXRrYXFYaGNOc3FUTVp0U0tWcFMySF96S0k3WXNFTXU0RFh6YndobTJYd0tpZlljT0sxWVRXeFJ4MHZFb3J1NjhUQ0RiZ2YtRExuLTF4ZXV4b2p4LXM4V2VTeWNXbHdEMXB4aHBIOVYxSkN2VENfa2hMd2VWQXpsSmJCNFJSZmNWdHBacXV1dW9CNmdMdkE?oc=5\" target=\"_blank\" rel=\"nofollow noopener\">Ett urval av nattens polisverksamhet i J\u00e4mtlands l\u00e4n.<\/a>&nbsp;&nbsp;Brottsplatskartan.se<\/li>\n<li><a href=\"https:\/\/news.google.com\/rss\/articles\/CBMi2wFBVV95cUxOQ2wtbWNSQXBoVFlMNkxFWVh0dkF2S0cyOHJyaktkazhOWllpeWxBVXJ1UmlRczdfWmZUME40c0xQeVhPZXlIU0VCYzhoOEZMM0hERnN5clZBcEZQbVRnQWM3MHJHTUdMczJpRnB2eGhPWnB2dzF1Skc0Q3JLbE85ZmtvUVpVNEx1eVJOUGhkQjY1bnNYMXV1NjVHMUhaMzhSZDE3M1p2RnhWNTBka3J4SjIyak5FSHlRMUVHdWozb3lwbXk1RDkyLWl4NENUT3V6bEYtVlZXeFZPYTA?oc=5\" target=\"_blank\" rel=\"nofollow noopener\">Ett urval av ny\u00e5rsnattens polisverksamhet klockan 00:00-07:00<\/a>&nbsp;&nbsp;Brottsplatskartan.se<\/li>\n<\/ol>\n","protected":false},"excerpt":{"rendered":"02 januari 07.04, Sammanfattning natt, J\u00e4mtlands l\u00e4n&nbsp;&nbsp;polisen.se S\u00e5 var ny\u00e5rsnatten \u2013 17 togs om hand f\u00f6r fylla&nbsp;&nbsp;Sveriges Radio&hellip;\n","protected":false},"author":2,"featured_media":54,"comment_status":"","ping_status":"","sticky":false,"template":"","format":"standard","meta":{"footnotes":""},"categories":[12],"tags":[22,23,26,27,17,21,24,25,28,29,15,16,18,34,31,33,32,30,19,20],"class_list":{"0":"post-124020","1":"post","2":"type-post","3":"status-publish","4":"format-standard","5":"has-post-thumbnail","7":"category-sverige","8":"tag-breaking-news","9":"tag-breakingnews","10":"tag-featured-news","11":"tag-featurednews","12":"tag-headlines","13":"tag-huvudnyheter","14":"tag-latest-news","15":"tag-latestnews","16":"tag-main-news","17":"tag-mainnews","18":"tag-news","19":"tag-nyheter","20":"tag-rubriker","21":"tag-se","22":"tag-svenska","23":"tag-sverige","24":"tag-sweden","25":"tag-swedish","26":"tag-top-stories","27":"tag-topstories"},"share_on_mastodon":{"url":"https:\/\/pubeurope.com\/@se\/115827635865297513","error":""},"_links":{"self":[{"href":"https:\/\/www.europesays.com\/se\/wp-json\/wp\/v2\/posts\/124020","targetHints":{"allow":["GET"]}}],"collection":[{"href":"https:\/\/www.europesays.com\/se\/wp-json\/wp\/v2\/posts"}],"about":[{"href":"https:\/\/www.europesays.com\/se\/wp-json\/wp\/v2\/types\/post"}],"author":[{"embeddable":true,"href":"https:\/\/www.europesays.com\/se\/wp-json\/wp\/v2\/users\/2"}],"replies":[{"embeddable":true,"href":"https:\/\/www.europesays.com\/se\/wp-json\/wp\/v2\/comments?post=124020"}],"version-history":[{"count":0,"href":"https:\/\/www.europesays.com\/se\/wp-json\/wp\/v2\/posts\/124020\/revisions"}],"wp:featuredmedia":[{"embeddable":true,"href":"https:\/\/www.europesays.com\/se\/wp-json\/wp\/v2\/media\/54"}],"wp:attachment":[{"href":"https:\/\/www.europesays.com\/se\/wp-json\/wp\/v2\/media?parent=124020"}],"wp:term":[{"taxonomy":"category","embeddable":true,"href":"https:\/\/www.europesays.com\/se\/wp-json\/wp\/v2\/categories?post=124020"},{"taxonomy":"post_tag","embeddable":true,"href":"https:\/\/www.europesays.com\/se\/wp-json\/wp\/v2\/tags?post=124020"}],"curies":[{"name":"wp","href":"https:\/\/api.w.org\/{rel}","templated":true}]}}