{"id":124021,"date":"2026-01-02T21:30:32","date_gmt":"2026-01-02T21:30:32","guid":{"rendered":"https:\/\/www.europesays.com\/se\/124021\/"},"modified":"2026-01-02T21:30:32","modified_gmt":"2026-01-02T21:30:32","slug":"michael-har-varit-utan-strom-i-snart-sex-dygn-ljusnan","status":"publish","type":"post","link":"https:\/\/www.europesays.com\/se\/124021\/","title":{"rendered":"Michael har varit utan str\u00f6m i snart sex dygn &#8211; Ljusnan"},"content":{"rendered":"<ol>\n<li><a href=\"https:\/\/news.google.com\/rss\/articles\/CBMihwFBVV95cUxNd2RzRURza0pUcU1sOGU0cS1ya3RXWkZCUjY1dEtRRmJwRUY0ZzBRcEFXXzMxa1V2V3BMcGQ1cUtNaVhlRmVBM0xBYXlweFU4U2w4RndjemRsVnNFMFh2Um05Q3FkeGVhSFpjN0w0T1JZQ3lDUmlzYVhzd0FDWl9YTHpuQXQzOTA?oc=5\" target=\"_blank\" rel=\"nofollow noopener\">Michael har varit utan str\u00f6m i snart sex dygn<\/a>&nbsp;&nbsp;Ljusnan<\/li>\n<li><a href=\"https:\/\/news.google.com\/rss\/articles\/CBMirAFBVV95cUxQci1pSS1EdDF5OGlOMXRtRHVUV3N5elE4NWp6UHBhQ2tReERjbmVvRXc3aEVRTzBNRVlDU0pWS0xjeXBOWjJ1MnhkUXN6bHBpV1JuMmppNE55QjIzei1aeDduVFozWjZHaGZjQWpRLUdJQUlhRmJiYVhnS0ptYm1HeTM5bXljbHU2QXBHb2s2QVpTTjF3Q3ZvYjhySU1yMmZWQ3BxdkFzTjgwQmhM?oc=5\" target=\"_blank\" rel=\"nofollow noopener\">Tallar f\u00f6ll p\u00e5 Gunnars grannes hus \u2013 nu \u00e4r de insn\u00f6ade tillsammans<\/a>&nbsp;&nbsp;Aftonbladet<\/li>\n<li><a href=\"https:\/\/news.google.com\/rss\/articles\/CBMimwFBVV95cUxOeUZlNHhTUWJVNEQwcnd4NnRROW1GbzhmZjJEOGRzMll6WkI4V3RLRGlmQmxVNXlrTW94aS1ZdlEzOUZYTGxfTWlYTGYwejhYRktPUFdWN21rdW1UYzFDTnRYZjNucWFOSFNRX1NuLWlRSDVNU2lZMFFtVGV5bjdYcXZMTGNJeWxQd25MbjlpUFVnODhoNlRXUnpoVQ?oc=5\" target=\"_blank\" rel=\"nofollow noopener\">Leif och Lotta i Kungsg\u00e5rden utan el i sju dagar \u2013 s\u00e5 klarar de sig<\/a>&nbsp;&nbsp;SVT Nyheter<\/li>\n<li><a href=\"https:\/\/news.google.com\/rss\/articles\/CBMid0FVX3lxTE55TmpIbTVWVzBjeVFNLVBoODdpQWJQbC1jd2poQ3FKdThXeGNYak9oRjREY3VYVGxmUUVpbnhuUUNWZ21oYUd5QVc5UTJkUkpGVTBoZzBwRVhHZFliQ0Q1eEVVWGJQZlNxZVhQTE1ZWEg4RFNSek5N?oc=5\" target=\"_blank\" rel=\"nofollow noopener\">Str\u00f6ml\u00f6s i sju dagar \u2013 &#8221;har g\u00e5tt \u00e5t helsike&#8221;<\/a>&nbsp;&nbsp;SvD<\/li>\n<li><a href=\"https:\/\/news.google.com\/rss\/articles\/CBMif0FVX3lxTE91MkVoekl3SkUzWXNSbkprTzZSX3BSYnc2VEl3VW9aQzI1akxDM2xNSTJ5eWZpb29jUTlXd3BaaEdaVl9JdWhqbmZsc1R2M19abENtNjQ5X09pN2xBVHh4bGNCRW9SVFBJTlJCQ2I1ajVhUEItQ1lHVkpqY0dlamM?oc=5\" target=\"_blank\" rel=\"nofollow noopener\">Tusentals str\u00f6ml\u00f6sa: \u201dBland det v\u00e4rsta vi upplevt\u201d<\/a>&nbsp;&nbsp;Omni<\/li>\n<\/ol>\n","protected":false},"excerpt":{"rendered":"Michael har varit utan str\u00f6m i snart sex dygn&nbsp;&nbsp;Ljusnan Tallar f\u00f6ll p\u00e5 Gunnars grannes hus \u2013 nu \u00e4r&hellip;\n","protected":false},"author":2,"featured_media":124022,"comment_status":"","ping_status":"","sticky":false,"template":"","format":"standard","meta":{"footnotes":""},"categories":[5],"tags":[22,23,26,27,17,21,24,25,28,29,15,16,18,34,31,33,32,30,19,20],"class_list":{"0":"post-124021","1":"post","2":"type-post","3":"status-publish","4":"format-standard","5":"has-post-thumbnail","7":"category-rubriker","8":"tag-breaking-news","9":"tag-breakingnews","10":"tag-featured-news","11":"tag-featurednews","12":"tag-headlines","13":"tag-huvudnyheter","14":"tag-latest-news","15":"tag-latestnews","16":"tag-main-news","17":"tag-mainnews","18":"tag-news","19":"tag-nyheter","20":"tag-rubriker","21":"tag-se","22":"tag-svenska","23":"tag-sverige","24":"tag-sweden","25":"tag-swedish","26":"tag-top-stories","27":"tag-topstories"},"share_on_mastodon":{"url":"https:\/\/pubeurope.com\/@se\/115827639729631891","error":""},"_links":{"self":[{"href":"https:\/\/www.europesays.com\/se\/wp-json\/wp\/v2\/posts\/124021","targetHints":{"allow":["GET"]}}],"collection":[{"href":"https:\/\/www.europesays.com\/se\/wp-json\/wp\/v2\/posts"}],"about":[{"href":"https:\/\/www.europesays.com\/se\/wp-json\/wp\/v2\/types\/post"}],"author":[{"embeddable":true,"href":"https:\/\/www.europesays.com\/se\/wp-json\/wp\/v2\/users\/2"}],"replies":[{"embeddable":true,"href":"https:\/\/www.europesays.com\/se\/wp-json\/wp\/v2\/comments?post=124021"}],"version-history":[{"count":0,"href":"https:\/\/www.europesays.com\/se\/wp-json\/wp\/v2\/posts\/124021\/revisions"}],"wp:featuredmedia":[{"embeddable":true,"href":"https:\/\/www.europesays.com\/se\/wp-json\/wp\/v2\/media\/124022"}],"wp:attachment":[{"href":"https:\/\/www.europesays.com\/se\/wp-json\/wp\/v2\/media?parent=124021"}],"wp:term":[{"taxonomy":"category","embeddable":true,"href":"https:\/\/www.europesays.com\/se\/wp-json\/wp\/v2\/categories?post=124021"},{"taxonomy":"post_tag","embeddable":true,"href":"https:\/\/www.europesays.com\/se\/wp-json\/wp\/v2\/tags?post=124021"}],"curies":[{"name":"wp","href":"https:\/\/api.w.org\/{rel}","templated":true}]}}