{"id":124025,"date":"2026-01-02T21:37:11","date_gmt":"2026-01-02T21:37:11","guid":{"rendered":"https:\/\/www.europesays.com\/se\/124025\/"},"modified":"2026-01-02T21:37:11","modified_gmt":"2026-01-02T21:37:11","slug":"manga-installda-flyg-pa-grund-av-stormen-vasterbottens-kuriren","status":"publish","type":"post","link":"https:\/\/www.europesays.com\/se\/124025\/","title":{"rendered":"M\u00e5nga inst\u00e4llda flyg p\u00e5 grund av stormen &#8211; V\u00e4sterbottens-Kuriren"},"content":{"rendered":"<ol>\n<li><a href=\"https:\/\/news.google.com\/rss\/articles\/CBMigAFBVV95cUxNeFNlbjFoNjFqTjRia0R4TnZMTGg3SmgtYmFwRGZBYTVpMUN5WU15QmNXdkhFYnNBUGtyMWZHWkhVemYzUzd2ZUwyeXhOT0ZGUV9ZUXZfUkZpb3hTX0YwdFo0dnMtU1lwaUk2SWZwUHRVVVJ1Tm9vZEhjZklrLVNuRg?oc=5\" target=\"_blank\" rel=\"nofollow noopener\">M\u00e5nga inst\u00e4llda flyg p\u00e5 grund av stormen<\/a>&nbsp;&nbsp;V\u00e4sterbottens-Kuriren<\/li>\n<li><a href=\"https:\/\/news.google.com\/rss\/articles\/CBMikAFBVV95cUxPekJCLS1ULTd6Rm5wWlRXMjZ4djVlV0MtZ0htU0JBZmhOaG9hcWtha0lEZ3l6Q3otMHBFX0FhYkJNcktERjAtcHB5ZWgzSXdaY2gzZFBLYWI1cGVkcDREYUZlT29idHhONkViRmFtejVVeDhkNjFnaERlMFN2YU1xNlZCbnl6dWhyalZKNDF5dzU?oc=5\" target=\"_blank\" rel=\"nofollow noopener\">St\u00f6kigt p\u00e5 E22: \u201dMycket trafik\u201d \u2013 Ov\u00e4dret Anna<\/a>&nbsp;&nbsp;SVT Nyheter<\/li>\n<li><a href=\"https:\/\/news.google.com\/rss\/articles\/CBMieEFVX3lxTE43UjZ4alRwTXJkRVU4YU5yNVFHZ0drRENLVkVTeVExNEtsU0xvUDZWSUplb1ZlV1FQOTBiTldadldfY2I3OXZXWUo3WGxhb3l1SWZINE1ZVXhxVlZPVkpyNG9UaFFuQThLbUFsZkdBU0F1WUVmWEsxUw?oc=5\" target=\"_blank\" rel=\"nofollow noopener\">Stopp p\u00e5 b\u00e5de E22 och E18: \u201dDet \u00e4r totalt kaos\u201d<\/a>&nbsp;&nbsp;Omni<\/li>\n<li><a href=\"https:\/\/news.google.com\/rss\/articles\/CBMickFVX3lxTFBSeWRFUi1DQ3BMVkhQSENMb3dIeGp5cGlhQ2VUM1plOGtKTkNQd3Y5NFJCTThvak9seFhKaThRdVJqMVA4bUJvNzJBdzhKUXdlQUxQa1Q1VFBLWElPWHpOV3paSlRsbWFvV0tZWnVoQ2l5dw?oc=5\" target=\"_blank\" rel=\"nofollow noopener\">LIVERAPPORT: Stormen Anna drar in<\/a>&nbsp;&nbsp;Aftonbladet<\/li>\n<li><a href=\"https:\/\/news.google.com\/rss\/articles\/CBMilgFBVV95cUxPM3VsUmxPeDFSVFZHckM1QlVBbHo3VndtN0JmT0IzYVRlcFFmaVFONmxpcUc1cjE3QjJpdUdUZkppWDhvXzgzeUk4Y0lraEhmZll6VGFDMWFHZFFKUmtWUWFpa244M0h1NXh3eHZpQ2Q0bjBTbDVpTkF1R1JmV2kxbTJqSFRHWjBjMERfMWhoQ0E0RjJZWFE?oc=5\" target=\"_blank\" rel=\"nofollow noopener\">R\u00e4ddningsfordon k\u00f6rde fast i sn\u00f6n \u2013 bandvagnar kallas in &#8211; P4 Kalmar<\/a>&nbsp;&nbsp;Sveriges Radio<\/li>\n<\/ol>\n","protected":false},"excerpt":{"rendered":"M\u00e5nga inst\u00e4llda flyg p\u00e5 grund av stormen&nbsp;&nbsp;V\u00e4sterbottens-Kuriren St\u00f6kigt p\u00e5 E22: \u201dMycket trafik\u201d \u2013 Ov\u00e4dret Anna&nbsp;&nbsp;SVT Nyheter Stopp p\u00e5&hellip;\n","protected":false},"author":2,"featured_media":124026,"comment_status":"","ping_status":"","sticky":false,"template":"","format":"standard","meta":{"footnotes":""},"categories":[12],"tags":[22,23,26,27,17,21,24,25,28,29,15,16,18,34,31,33,32,30,19,20],"class_list":{"0":"post-124025","1":"post","2":"type-post","3":"status-publish","4":"format-standard","5":"has-post-thumbnail","7":"category-sverige","8":"tag-breaking-news","9":"tag-breakingnews","10":"tag-featured-news","11":"tag-featurednews","12":"tag-headlines","13":"tag-huvudnyheter","14":"tag-latest-news","15":"tag-latestnews","16":"tag-main-news","17":"tag-mainnews","18":"tag-news","19":"tag-nyheter","20":"tag-rubriker","21":"tag-se","22":"tag-svenska","23":"tag-sverige","24":"tag-sweden","25":"tag-swedish","26":"tag-top-stories","27":"tag-topstories"},"share_on_mastodon":{"url":"https:\/\/pubeurope.com\/@se\/115827667306321664","error":""},"_links":{"self":[{"href":"https:\/\/www.europesays.com\/se\/wp-json\/wp\/v2\/posts\/124025","targetHints":{"allow":["GET"]}}],"collection":[{"href":"https:\/\/www.europesays.com\/se\/wp-json\/wp\/v2\/posts"}],"about":[{"href":"https:\/\/www.europesays.com\/se\/wp-json\/wp\/v2\/types\/post"}],"author":[{"embeddable":true,"href":"https:\/\/www.europesays.com\/se\/wp-json\/wp\/v2\/users\/2"}],"replies":[{"embeddable":true,"href":"https:\/\/www.europesays.com\/se\/wp-json\/wp\/v2\/comments?post=124025"}],"version-history":[{"count":0,"href":"https:\/\/www.europesays.com\/se\/wp-json\/wp\/v2\/posts\/124025\/revisions"}],"wp:featuredmedia":[{"embeddable":true,"href":"https:\/\/www.europesays.com\/se\/wp-json\/wp\/v2\/media\/124026"}],"wp:attachment":[{"href":"https:\/\/www.europesays.com\/se\/wp-json\/wp\/v2\/media?parent=124025"}],"wp:term":[{"taxonomy":"category","embeddable":true,"href":"https:\/\/www.europesays.com\/se\/wp-json\/wp\/v2\/categories?post=124025"},{"taxonomy":"post_tag","embeddable":true,"href":"https:\/\/www.europesays.com\/se\/wp-json\/wp\/v2\/tags?post=124025"}],"curies":[{"name":"wp","href":"https:\/\/api.w.org\/{rel}","templated":true}]}}