{"id":124032,"date":"2026-01-02T21:54:09","date_gmt":"2026-01-02T21:54:09","guid":{"rendered":"https:\/\/www.europesays.com\/se\/124032\/"},"modified":"2026-01-02T21:54:09","modified_gmt":"2026-01-02T21:54:09","slug":"doldisen-pekas-ut-aktuell-for-os-langdskidor","status":"publish","type":"post","link":"https:\/\/www.europesays.com\/se\/124032\/","title":{"rendered":"Doldisen pekas ut\n\u2013 aktuell f\u00f6r OS | L\u00e4ngdskidor"},"content":{"rendered":"<p>Publicerad 2 jan 2026 kl 20.41<\/p>\n<p>Mitt under Tour de ski slog Jesper Persson till med karri\u00e4rens st\u00f6rsta seger \u2013 i Finland.<\/p>\n<p>Nu \u00e4r 25-\u00e5ringen h\u00f6gaktuell f\u00f6r OS.<\/p>\n<p>\u2013 En j\u00e4vligt fin sprintdag, s\u00e4ger Persson.<\/p>\n<p>Senaste sportklippen fr\u00e5n Expressen.<img   alt=\"\"\/><\/p>\n<p>Jesper Persson.<\/p>\n<p>Foto: JOHAN AXELSSON \/ BILDBYR\u00c5N<\/p>\n<p>\u00d6ppna bild i helsk\u00e4rm<\/p>\n<p>Helgen i finska Hakunila b\u00f6rjade inget vidare f\u00f6r \u00c5sarna-\u00e5karen.<\/p>\n<p>P\u00e5 det avslutande tr\u00e4ningspasset inf\u00f6r fredagens sprint i skandinaviska cupen str\u00e4ckte han baksidan \u2013 och var l\u00e4nge os\u00e4ker p\u00e5 om han ens skulle kunna komma till start.<\/p>\n<p>\u2013 Det k\u00e4ndes bedr\u00f6vligt p\u00e5 uppv\u00e4rmningen s\u00e5 jag t\u00e4nkte f\u00f6r mig sj\u00e4lv: \u201dnu \u00e4r jag dum om jag k\u00f6r prologen\u201d. Men man \u00e4r ju dum, s\u00e5 det var bara att k\u00f6ra, s\u00e4ger Jesper Persson.<\/p>\n<p>Det var tur det.<\/p>\n<p>Jesper Persson kom fyra i kvalet, b\u00e4st av alla svenskar, och var sedan omutbar n\u00e4r finalerna k\u00f6rdes.<\/p>\n<p>I finalen gjorde 25-\u00e5ringen ett avg\u00f6rande ryck i sista backen \u2013 som h\u00f6ll hela v\u00e4gen in \u00f6ver m\u00e5llinjen.<\/p>\n<p>\u2013 Det var full sula \u00f6ver sista kr\u00f6net och hoppas p\u00e5 att de inte skulle orka l\u00e4gga sig bakom mig, s\u00e4ger Persson.<\/p>\n<p>Det blev dock tajt. Svensken fick str\u00e4cka ut sig f\u00f6r att s\u00e4kra segern f\u00f6re norrmannen Amund August Korts\u00e4th.<\/p>\n<p>\u2013 Jag str\u00e4ckte s\u00e4kert det benet, men jag hade f\u00f6r mycket adrenalin s\u00e5 det k\u00e4ndes inget.<\/p>\n<p>Landslaget svar: \u201dHetaste korten p\u00e5 hand\u201d<\/p>\n<p>Med en enda plats kvar i sprintlaget till OS var t\u00e4vlingen Hakunila livsviktig f\u00f6r Persson och de andra \u00e5karna som sl\u00e5ss om att f\u00e5 f\u00f6lja med till spelen i Italien.<\/p>\n<p>Efter segern \u00e4r 25-\u00e5ringen, som var p\u00e5 pallen i G\u00e4llivare-premi\u00e4ren, h\u00f6gaktuell. Speciellt med tanke att landslags\u00e5karna Marcus Grate och Oskar Svensson \u00e5kte ut i i kvalet \u2013 samtidigt som veteranen Calle Halfvarsson slogs ut i kvartsfinal.<\/p>\n<p>\u2013 Det finns ett par t\u00e4vlingar kvar innan det spikas. Men hade det varit i dag vi tagit ut truppen hade Jesper haft de hetaste korten p\u00e5 hand, s\u00e4ger landslagstr\u00e4naren Anders H\u00f6gberg.<\/p>\n<p>Redan n\u00e4sta helg v\u00e4ntar en ny viktig sprint i jakten p\u00e5 OS-biljett\u00a0\u2013 Smart Energy Cup i Falun. T\u00e4vlingarna s\u00e4nds p\u00e5 Expressen.\u00a0<\/p>\n","protected":false},"excerpt":{"rendered":"Publicerad 2 jan 2026 kl 20.41 Mitt under Tour de ski slog Jesper Persson till med karri\u00e4rens st\u00f6rsta&hellip;\n","protected":false},"author":2,"featured_media":124033,"comment_status":"","ping_status":"","sticky":false,"template":"","format":"standard","meta":{"footnotes":""},"categories":[5],"tags":[22,23,26,27,17,21,24,25,28,29,15,16,18,34,857,31,33,32,30,19,20],"class_list":{"0":"post-124032","1":"post","2":"type-post","3":"status-publish","4":"format-standard","5":"has-post-thumbnail","7":"category-rubriker","8":"tag-breaking-news","9":"tag-breakingnews","10":"tag-featured-news","11":"tag-featurednews","12":"tag-headlines","13":"tag-huvudnyheter","14":"tag-latest-news","15":"tag-latestnews","16":"tag-main-news","17":"tag-mainnews","18":"tag-news","19":"tag-nyheter","20":"tag-rubriker","21":"tag-se","22":"tag-sections-langdskidor","23":"tag-svenska","24":"tag-sverige","25":"tag-sweden","26":"tag-swedish","27":"tag-top-stories","28":"tag-topstories"},"share_on_mastodon":{"url":"https:\/\/pubeurope.com\/@se\/115827734121269420","error":""},"_links":{"self":[{"href":"https:\/\/www.europesays.com\/se\/wp-json\/wp\/v2\/posts\/124032","targetHints":{"allow":["GET"]}}],"collection":[{"href":"https:\/\/www.europesays.com\/se\/wp-json\/wp\/v2\/posts"}],"about":[{"href":"https:\/\/www.europesays.com\/se\/wp-json\/wp\/v2\/types\/post"}],"author":[{"embeddable":true,"href":"https:\/\/www.europesays.com\/se\/wp-json\/wp\/v2\/users\/2"}],"replies":[{"embeddable":true,"href":"https:\/\/www.europesays.com\/se\/wp-json\/wp\/v2\/comments?post=124032"}],"version-history":[{"count":0,"href":"https:\/\/www.europesays.com\/se\/wp-json\/wp\/v2\/posts\/124032\/revisions"}],"wp:featuredmedia":[{"embeddable":true,"href":"https:\/\/www.europesays.com\/se\/wp-json\/wp\/v2\/media\/124033"}],"wp:attachment":[{"href":"https:\/\/www.europesays.com\/se\/wp-json\/wp\/v2\/media?parent=124032"}],"wp:term":[{"taxonomy":"category","embeddable":true,"href":"https:\/\/www.europesays.com\/se\/wp-json\/wp\/v2\/categories?post=124032"},{"taxonomy":"post_tag","embeddable":true,"href":"https:\/\/www.europesays.com\/se\/wp-json\/wp\/v2\/tags?post=124032"}],"curies":[{"name":"wp","href":"https:\/\/api.w.org\/{rel}","templated":true}]}}