{"id":124038,"date":"2026-01-02T22:01:39","date_gmt":"2026-01-02T22:01:39","guid":{"rendered":"https:\/\/www.europesays.com\/se\/124038\/"},"modified":"2026-01-02T22:01:39","modified_gmt":"2026-01-02T22:01:39","slug":"kaos-pa-e22-efter-snofall","status":"publish","type":"post","link":"https:\/\/www.europesays.com\/se\/124038\/","title":{"rendered":"Kaos p\u00e5 E22 efter sn\u00f6fall"},"content":{"rendered":"<p>Ov\u00e4dret Anna har st\u00e4llt till med problem p\u00e5 flera h\u00e5ll. P\u00e5 fredagen ut\u00f6kade SMHI sina sn\u00f6varningar. Nu ligger sn\u00f6varningar f\u00f6r stora delar av Sm\u00e5land, samt norra Blekinge och \u00d6land fram till l\u00f6rdagsmorgonen.<\/p>\n<p>P\u00e5 E22 mellan Oskarshamn och M\u00f6nster\u00e5s var det kaotiskt p\u00e5 fredagskv\u00e4llen, enligt r\u00e4ddningstj\u00e4nsten.<\/p>\n<p>\u2013 Det \u00e4r v\u00e4ldigt kaos just nu. Det \u00e4r mycket sn\u00f6, och mycket trafik, s\u00e5 trafiken \u00e4r delvis helt stillast\u00e5ende, s\u00e4ger larm- och ledningsoperat\u00f6ren Sara p\u00e5 r\u00e4ddningstj\u00e4nsten Sydost.<\/p>\n<p>\u201dH\u00e4mtade traktorn\u201d<\/p>\n<p>SVT har pratat med Joline som sitter fast p\u00e5 E22 n\u00e4ra P\u00e5skallavik, d\u00e4r hon bor. Hon och sambon k\u00f6rde fr\u00e5n \u00d6land under kv\u00e4llen. D\u00e5 sn\u00f6ade det inte mycket, men under resan tog det fart.<\/p>\n<p>\u2013 Vi har sett en brandbil som k\u00f6rt fast, en lastbil, bussar, och en b\u00e4rningsbil. Det \u00e4r stopp i b\u00e5da filerna. Jag tror att det kommit en halv meter sn\u00f6.<\/p>\n<p>Hon s\u00e4ger att folk g\u00e5tt ur sina bilar p\u00e5 E22 f\u00f6r att kolla l\u00e4get.<\/p>\n<p>\u2013 Min sambo gick hem och h\u00e4mtade traktorn. Han ska dra loss v\u00e5r bil och sen ploga hem\u00e5t, s\u00e4ger hon vid 22.30-tiden.<\/p>\n<p>Bandvagn ska ut<\/p>\n<p>Flera tr\u00e4d har fallit \u00f6ver v\u00e4gar i omr\u00e5det. R\u00e4ddningstj\u00e4nsten beskriver det \u201dlite som plockepinn\u201d.<\/p>\n<p>En bandvagn \u00e4r redo att b\u00f6rja k\u00f6ra fr\u00e5n M\u00f6nster\u00e5s.<\/p>\n<p>\u2013 B\u00e4rgarna har sj\u00e4lva sv\u00e5rt att ta sig fram, s\u00e4ger larm- och ledningsoperat\u00f6ren Sara.<\/p>\n<p>Det har ocks\u00e5 varit st\u00f6kigt p\u00e5 E18 i Karlskoga, d\u00e4r en lastbil hamnade tv\u00e4rs \u00f6ver v\u00e4gen, i riktning mot \u00d6rebro. V\u00e4gen ber\u00e4knas vara avst\u00e4ngd till klockan 05.00 p\u00e5 l\u00f6rdagen och trafikanter uppmanas v\u00e4lja andra v\u00e4gar.<\/p>\n","protected":false},"excerpt":{"rendered":"Ov\u00e4dret Anna har st\u00e4llt till med problem p\u00e5 flera h\u00e5ll. P\u00e5 fredagen ut\u00f6kade SMHI sina sn\u00f6varningar. Nu ligger&hellip;\n","protected":false},"author":2,"featured_media":124039,"comment_status":"","ping_status":"","sticky":false,"template":"","format":"standard","meta":{"footnotes":""},"categories":[12],"tags":[22,23,26,27,17,21,24,25,28,29,15,16,18,34,31,33,32,30,19,20],"class_list":{"0":"post-124038","1":"post","2":"type-post","3":"status-publish","4":"format-standard","5":"has-post-thumbnail","7":"category-sverige","8":"tag-breaking-news","9":"tag-breakingnews","10":"tag-featured-news","11":"tag-featurednews","12":"tag-headlines","13":"tag-huvudnyheter","14":"tag-latest-news","15":"tag-latestnews","16":"tag-main-news","17":"tag-mainnews","18":"tag-news","19":"tag-nyheter","20":"tag-rubriker","21":"tag-se","22":"tag-svenska","23":"tag-sverige","24":"tag-sweden","25":"tag-swedish","26":"tag-top-stories","27":"tag-topstories"},"share_on_mastodon":{"url":"https:\/\/pubeurope.com\/@se\/115827761649030582","error":""},"_links":{"self":[{"href":"https:\/\/www.europesays.com\/se\/wp-json\/wp\/v2\/posts\/124038","targetHints":{"allow":["GET"]}}],"collection":[{"href":"https:\/\/www.europesays.com\/se\/wp-json\/wp\/v2\/posts"}],"about":[{"href":"https:\/\/www.europesays.com\/se\/wp-json\/wp\/v2\/types\/post"}],"author":[{"embeddable":true,"href":"https:\/\/www.europesays.com\/se\/wp-json\/wp\/v2\/users\/2"}],"replies":[{"embeddable":true,"href":"https:\/\/www.europesays.com\/se\/wp-json\/wp\/v2\/comments?post=124038"}],"version-history":[{"count":0,"href":"https:\/\/www.europesays.com\/se\/wp-json\/wp\/v2\/posts\/124038\/revisions"}],"wp:featuredmedia":[{"embeddable":true,"href":"https:\/\/www.europesays.com\/se\/wp-json\/wp\/v2\/media\/124039"}],"wp:attachment":[{"href":"https:\/\/www.europesays.com\/se\/wp-json\/wp\/v2\/media?parent=124038"}],"wp:term":[{"taxonomy":"category","embeddable":true,"href":"https:\/\/www.europesays.com\/se\/wp-json\/wp\/v2\/categories?post=124038"},{"taxonomy":"post_tag","embeddable":true,"href":"https:\/\/www.europesays.com\/se\/wp-json\/wp\/v2\/tags?post=124038"}],"curies":[{"name":"wp","href":"https:\/\/api.w.org\/{rel}","templated":true}]}}