{"id":124040,"date":"2026-01-02T22:07:15","date_gmt":"2026-01-02T22:07:15","guid":{"rendered":"https:\/\/www.europesays.com\/se\/124040\/"},"modified":"2026-01-02T22:07:15","modified_gmt":"2026-01-02T22:07:15","slug":"fastator-gor-nyemission-och-valjer-ny-styrelseledamot","status":"publish","type":"post","link":"https:\/\/www.europesays.com\/se\/124040\/","title":{"rendered":"Fastator g\u00f6r nyemission och v\u00e4ljer ny styrelseledamot"},"content":{"rendered":"<p>Fastighetsbolaget Fastator kallar \u00e4garna till extrast\u00e4mma. D\u00e4r ska en ny styrelseledamot v\u00e4ljas \u2013 men vem som f\u00f6resl\u00e5s tills\u00e4ttas framkommer inte.<\/p>\n<p>\u201dDen f\u00f6reslagna nya styrelseledamoten kommer att presenteras vid ett senare tillf\u00e4lle\u201d, skriver bolaget i ett pressmeddelande.<\/p>\n<p>Dessutom vill styrelsen f\u00e5 bemyndigande att ta in nya pengar.<\/p>\n<p><strong class=\"global-xxs-bold\">Uppdaterad:<\/strong> 2 januari 2026, 22:24<strong class=\"global-xxs-bold\">Publicerad:<\/strong> 2 januari 2026, 22:20<\/p>\n<p>Spara<\/p>\n","protected":false},"excerpt":{"rendered":"Fastighetsbolaget Fastator kallar \u00e4garna till extrast\u00e4mma. D\u00e4r ska en ny styrelseledamot v\u00e4ljas \u2013 men vem som f\u00f6resl\u00e5s tills\u00e4ttas&hellip;\n","protected":false},"author":2,"featured_media":124041,"comment_status":"","ping_status":"","sticky":false,"template":"","format":"standard","meta":{"footnotes":""},"categories":[65],"tags":[72,70,71,34,31,33,32,30],"class_list":{"0":"post-124040","1":"post","2":"type-post","3":"status-publish","4":"format-standard","5":"has-post-thumbnail","7":"category-ekonomi","8":"tag-business","9":"tag-economy","10":"tag-ekonomi","11":"tag-se","12":"tag-svenska","13":"tag-sverige","14":"tag-sweden","15":"tag-swedish"},"share_on_mastodon":{"url":"https:\/\/pubeurope.com\/@se\/115827785239322548","error":""},"_links":{"self":[{"href":"https:\/\/www.europesays.com\/se\/wp-json\/wp\/v2\/posts\/124040","targetHints":{"allow":["GET"]}}],"collection":[{"href":"https:\/\/www.europesays.com\/se\/wp-json\/wp\/v2\/posts"}],"about":[{"href":"https:\/\/www.europesays.com\/se\/wp-json\/wp\/v2\/types\/post"}],"author":[{"embeddable":true,"href":"https:\/\/www.europesays.com\/se\/wp-json\/wp\/v2\/users\/2"}],"replies":[{"embeddable":true,"href":"https:\/\/www.europesays.com\/se\/wp-json\/wp\/v2\/comments?post=124040"}],"version-history":[{"count":0,"href":"https:\/\/www.europesays.com\/se\/wp-json\/wp\/v2\/posts\/124040\/revisions"}],"wp:featuredmedia":[{"embeddable":true,"href":"https:\/\/www.europesays.com\/se\/wp-json\/wp\/v2\/media\/124041"}],"wp:attachment":[{"href":"https:\/\/www.europesays.com\/se\/wp-json\/wp\/v2\/media?parent=124040"}],"wp:term":[{"taxonomy":"category","embeddable":true,"href":"https:\/\/www.europesays.com\/se\/wp-json\/wp\/v2\/categories?post=124040"},{"taxonomy":"post_tag","embeddable":true,"href":"https:\/\/www.europesays.com\/se\/wp-json\/wp\/v2\/tags?post=124040"}],"curies":[{"name":"wp","href":"https:\/\/api.w.org\/{rel}","templated":true}]}}