{"id":124042,"date":"2026-01-02T22:15:18","date_gmt":"2026-01-02T22:15:18","guid":{"rendered":"https:\/\/www.europesays.com\/se\/124042\/"},"modified":"2026-01-02T22:15:18","modified_gmt":"2026-01-02T22:15:18","slug":"fra-soker-azure-tekniker-pa-fraingenjorsjobb","status":"publish","type":"post","link":"https:\/\/www.europesays.com\/se\/124042\/","title":{"rendered":"FRA s\u00f6ker Azure tekniker p\u00e5 FRAIngenj\u00f6rsjobb"},"content":{"rendered":"<p>Vill du g\u00f6ra samh\u00e4llsnytta och bidra till Sveriges oberoende i v\u00e4rlden? Vi s\u00f6ker nu en Windowsspecialist\u00a0med fokus p\u00e5 utveckling, drift och f\u00f6rvaltning av FRA:s molnl\u00f6sningar. P\u00e5 FRA \u00e4r varje arbetsuppgift en del av n\u00e5got st\u00f6rre. \u00c4r du den vi s\u00f6ker kan vi erbjuda ett varierande arbete i en kunskapsintensiv milj\u00f6 d\u00e4r du f\u00e5r vara med och g\u00f6ra skillnad varje dag.<\/p>\n<p><strong>Ditt uppdrag<\/strong><\/p>\n<p>Som systemintegrat\u00f6r med fokus p\u00e5 infrastruktur av FRA:s moln h\u00f6r du till en enhet inom avdelningen f\u00f6r Teknik. Avdelningen utvecklar, f\u00f6rvaltar och drifts\u00e4tter nya tekniska system samt sk\u00f6ter drift och underh\u00e5ll av befintliga system.<\/p>\n<p>I rollen som systemintegrat\u00f6r \u00e4r dina huvudsakliga arbetsuppgifter att tillsammans med dina kollegor ansvara f\u00f6r utveckling, underh\u00e5ll och drift av produktionssystem och IT-infrastruktur inom gruppens arbetsomr\u00e5den. Uppdraget \u00e4r sj\u00e4lvst\u00e4ndigt, men alltid i n\u00e4ra samarbete och med st\u00f6d fr\u00e5n kollegor i gruppen. Dina arbetsuppgifter omfattar exempelvis:<\/p>\n<ul>\n<li>Ansvar att utveckla nya tekniska tj\u00e4nster, f\u00f6rvaltningsaktiviteter, planera, samverka och genomf\u00f6ra dessa p\u00e5 utsatt tid<\/li>\n<li>Att s\u00e4kerst\u00e4lla en effektiv och s\u00e4ker driftsmilj\u00f6<\/li>\n<li>\u00d6vervakning, fels\u00f6kning, underh\u00e5ll och administration av prim\u00e4rt molnplattformar<\/li>\n<\/ul>\n<p>Samarbete sker med n\u00e4rliggande enheter och andra avdelningar samt till viss del med externa kontakter som leverant\u00f6rer. D\u00e5 merparten av systemen har h\u00f6ga s\u00e4kerhetskrav kommer arbete med IT-s\u00e4kerhet vara en naturlig del av din vardag. Resor kan f\u00f6rekomma i tj\u00e4nsten.<\/p>\n<p><strong>Du kan<\/strong><\/p>\n<p>Vi s\u00f6ker dig som har:<\/p>\n<ul>\n<li>Godk\u00e4nd gymnasieexamen<\/li>\n<li>Aktuell erfarenhet av arbete med utveckling och f\u00f6rvaltning av Microsoft 365\/Azure och\/eller andra molnplattformar<\/li>\n<li>Erfarenhet av majoriteten av de generella Microsoft 365 tj\u00e4nsterna s\u00e5 som SharePoint, Exchange &amp; Teams.<\/li>\n<li>Erfarenhet av agila arbetss\u00e4tt s\u00e5 som SAFE<\/li>\n<li>Kunskap och vana att administrera Entra, Intune, Defender och andra gemensamma moln tekniker<\/li>\n<li>Kunskap i utveckling och f\u00f6rvaltning av Microsoft 365\/Azure och dess tj\u00e4nster<\/li>\n<li>Goda kunskaper i svenska, i s\u00e5v\u00e4l tal som skrift, samt obehindrat kunna l\u00e4sa och f\u00f6rst\u00e5 teknisk dokumentation p\u00e5 engelska<\/li>\n<\/ul>\n<p>Vi ser det som meriterande om du har:<\/p>\n<ul>\n<li>H\u00f6gskoleutbildning med IT inriktning<\/li>\n<li>Erfarenhet av arbete med utveckling, drift och f\u00f6rvaltning av Windows server och Active Directory<\/li>\n<li>Erfarenhet av att arbeta med drift av: e-postsystem, virtualisering och automatisering<\/li>\n<li>Grundl\u00e4ggande f\u00f6rst\u00e5else f\u00f6r n\u00e4tverkstekniker i molnet<\/li>\n<\/ul>\n<p><strong>Du \u00e4r<\/strong><\/p>\n<p>Vi s\u00f6ker dig med f\u00f6ljande egenskaper:<\/p>\n<ul>\n<li><strong>Samarbetsf\u00f6rm\u00e5ga<\/strong>\u00a0&#8211; Arbetar bra med andra m\u00e4nniskor. Relaterar sig till dem p\u00e5 ett lyh\u00f6rt och smidigt s\u00e4tt. Lyssnar, kommunicerar och l\u00f6ser konflikter p\u00e5 ett konstruktivt s\u00e4tt.<\/li>\n<li><strong>Sj\u00e4lvg\u00e5ende<\/strong>\u00a0&#8211; Tar ansvar f\u00f6r sin uppgift. Strukturerar sj\u00e4lv sitt angreppss\u00e4tt och driver sina processer vidare.<\/li>\n<li><strong>Flexibel<\/strong>\u00a0&#8211; Har l\u00e4tt f\u00f6r att anpassa sig till \u00e4ndrade omst\u00e4ndigheter. Kan snabbt \u00e4ndra sitt syns\u00e4tt och f\u00f6rh\u00e5llningss\u00e4tt. Ser m\u00f6jligheterna i f\u00f6r\u00e4ndringar.<\/li>\n<li><strong>Serviceinriktad<\/strong>\u00a0&#8211; \u00c4r lugn, uppm\u00e4rksam och tillm\u00f6tesg\u00e5ende i sitt bem\u00f6tande. Har intresse, vilja och f\u00f6rm\u00e5ga att hj\u00e4lpa andra och anstr\u00e4nger sig f\u00f6r att leverera l\u00f6sningar.<\/li>\n<\/ul>\n<p><strong>Om FRA<\/strong><\/p>\n<p>FRA har omv\u00e4rlden som sin arena d\u00e4r varje arbetsuppgift \u00e4r en del av n\u00e5got st\u00f6rre. P\u00e5 ett eller annat s\u00e4tt f\u00e5r du som medarbetare vara med och bidra till att skydda Sveriges integritet och oberoende i v\u00e4rlden. Du \u00e4r med och g\u00f6r skillnad p\u00e5 riktigt, varje dag.<\/p>\n<p>V\u00e5r uppgift som underr\u00e4ttelsetj\u00e4nst \u00e4r att skydda Sverige mot de allvarligaste hot som kan riktas mot ett samh\u00e4lle \u2013 milit\u00e4ra angrepp, terrorism och cyberattacker. Vi skyddar det viktigaste vi har \u2013 v\u00e5r trygghet, v\u00e5r demokrati och v\u00e5rt s\u00e4tt att leva. Vi \u00e4r experter p\u00e5 cyberomr\u00e5det och signalspaning samt en larmklocka f\u00f6r milit\u00e4ra hot.<\/p>\n<p>FRA leder sedan 2024 Nationellt cybers\u00e4kerhetscenter, NCSC vars uppdrag \u00e4r att utveckla och st\u00e4rka Sveriges f\u00f6rm\u00e5ga att f\u00f6rebygga, uppt\u00e4cka och hantera cyberhot.<\/p>\n<p>Som nyanst\u00e4lld p\u00e5 FRA f\u00e5r du en omfattande introduktionsutbildning och kontinuerlig kompetensutveckling, vilket ger dig m\u00f6jlighet att utveckla dina f\u00e4rdigheter och bli \u00e4nnu b\u00e4ttre p\u00e5 det du brinner f\u00f6r. V\u00e5r organisation \u00e4r m\u00e5ngfacetterad och best\u00e5r av olika kompetenser och personligheter, d\u00e4r varje individ har unika egenskaper och f\u00f6ruts\u00e4ttningar. Vi str\u00e4var efter att skapa en milj\u00f6 d\u00e4r alla k\u00e4nner sig v\u00e4lkomna och trygga. Ut\u00f6ver en stimulerande arbetsmilj\u00f6 erbjuder vi ocks\u00e5 ett attraktivt f\u00f6rm\u00e5nspaket, som du kan l\u00e4sa mer om p\u00e5\u00a0<a href=\"http:\/\/www.fra.se\/\" style=\"color:rgb(0,62,116);\" rel=\"nofollow noopener\" target=\"_blank\">www.fra.se\u00a0<\/a>. F\u00f6r mer information om Nationellt cybers\u00e4kerhetscenter bes\u00f6k\u00a0<a href=\"http:\/\/www.ncsc.se\/\" style=\"color:rgb(0,62,116);\" rel=\"nofollow noopener\" target=\"_blank\">www.ncsc.se<\/a><\/p>\n<p>F\u00f6r din trygghet. F\u00f6r v\u00e5r demokrati. Varje dag. \u00c5ret om.<\/p>\n<p><strong>Mer information<\/strong><\/p>\n<p>Arbetsplatsen \u00e4r bel\u00e4gen i n\u00e4rheten av Drottningholm, ca 10 min fr\u00e5n Brommaplan. Svenskt medborgarskap \u00e4r ett krav d\u00e5 anst\u00e4llning vid FRA inneb\u00e4r placering i s\u00e4kerhetsklass. Innan en anst\u00e4llning kommer du att s\u00e4kerhetspr\u00f6vas i enlighet med s\u00e4kerhetsskyddslagens best\u00e4mmelser. Med anst\u00e4llning f\u00f6ljer en skyldighet att krigsplaceras. Vi till\u00e4mpar sex m\u00e5naders provanst\u00e4llning. I denna rekryteringsprocess kommer arbetsprov\/tester att till\u00e4mpas. F\u00f6r mer information \u00e4r du v\u00e4lkommen att kontakta rekryterande chef p\u00e5 rekrytering@fra.se . Fackliga f\u00f6retr\u00e4dare n\u00e5s p\u00e5 010-557 46 00.<\/p>\n<p>Vi tar emot ans\u00f6kningar via www.fra.se\u00a0<strong>senast 2026-01-25<\/strong><\/p>\n<p>Referensnummer\u00a0<strong>2025FRA2151-2<\/strong>.<\/p>\n<p>D\u00e5 vi inf\u00f6r denna rekrytering redan tagit st\u00e4llning till de rekryteringskanaler vi \u00f6nskar anv\u00e4nda undanber vi oss att bli kontaktade f\u00f6r ytterligare erbjudanden om annonserings- och rekryteringshj\u00e4lp.<\/p>\n<p>S\u00f6kord: Azure, Office, Office 365, Entra, Azure AD, AD, Intune, PowerShell, Power Automate, Logic Apps, Windows, moln, cloud, Cloud Engineer, Cloud Architect, Molntekniker, Molnspecialist<\/p>\n","protected":false},"excerpt":{"rendered":"Vill du g\u00f6ra samh\u00e4llsnytta och bidra till Sveriges oberoende i v\u00e4rlden? Vi s\u00f6ker nu en Windowsspecialist\u00a0med fokus p\u00e5&hellip;\n","protected":false},"author":2,"featured_media":124043,"comment_status":"","ping_status":"","sticky":false,"template":"","format":"standard","meta":{"footnotes":""},"categories":[65],"tags":[72,70,71,34,31,33,32,30],"class_list":{"0":"post-124042","1":"post","2":"type-post","3":"status-publish","4":"format-standard","5":"has-post-thumbnail","7":"category-ekonomi","8":"tag-business","9":"tag-economy","10":"tag-ekonomi","11":"tag-se","12":"tag-svenska","13":"tag-sverige","14":"tag-sweden","15":"tag-swedish"},"share_on_mastodon":{"url":"https:\/\/pubeurope.com\/@se\/115827816779970282","error":""},"_links":{"self":[{"href":"https:\/\/www.europesays.com\/se\/wp-json\/wp\/v2\/posts\/124042","targetHints":{"allow":["GET"]}}],"collection":[{"href":"https:\/\/www.europesays.com\/se\/wp-json\/wp\/v2\/posts"}],"about":[{"href":"https:\/\/www.europesays.com\/se\/wp-json\/wp\/v2\/types\/post"}],"author":[{"embeddable":true,"href":"https:\/\/www.europesays.com\/se\/wp-json\/wp\/v2\/users\/2"}],"replies":[{"embeddable":true,"href":"https:\/\/www.europesays.com\/se\/wp-json\/wp\/v2\/comments?post=124042"}],"version-history":[{"count":0,"href":"https:\/\/www.europesays.com\/se\/wp-json\/wp\/v2\/posts\/124042\/revisions"}],"wp:featuredmedia":[{"embeddable":true,"href":"https:\/\/www.europesays.com\/se\/wp-json\/wp\/v2\/media\/124043"}],"wp:attachment":[{"href":"https:\/\/www.europesays.com\/se\/wp-json\/wp\/v2\/media?parent=124042"}],"wp:term":[{"taxonomy":"category","embeddable":true,"href":"https:\/\/www.europesays.com\/se\/wp-json\/wp\/v2\/categories?post=124042"},{"taxonomy":"post_tag","embeddable":true,"href":"https:\/\/www.europesays.com\/se\/wp-json\/wp\/v2\/tags?post=124042"}],"curies":[{"name":"wp","href":"https:\/\/api.w.org\/{rel}","templated":true}]}}